{"id":471,"date":"2021-05-25T10:26:11","date_gmt":"2021-05-25T09:26:11","guid":{"rendered":"http:\/\/www.oceanblogs.org\/oceanstories-ebus\/?p=471"},"modified":"2021-05-25T10:26:12","modified_gmt":"2021-05-25T09:26:12","slug":"wissenschaft-und-privatleben-interview-mit-ozeanwissenschaftlerin-ivy-frenger","status":"publish","type":"post","link":"https:\/\/www.oceanblogs.org\/oceanstories-ebus\/2021\/05\/25\/wissenschaft-und-privatleben-interview-mit-ozeanwissenschaftlerin-ivy-frenger\/","title":{"rendered":"Wissenschaft und Privatleben \u2013 Interview mit Ozeanwissenschaftlerin Ivy Frenger"},"content":{"rendered":"\n<div style=\"height:20px\" aria-hidden=\"true\" class=\"wp-block-spacer\"><\/div>\n\n\n<p><iframe loading=\"lazy\" title=\"Wissenschaft und Privatleben \u2013 Interview mit Ozeanwissenschaftlerin Ivy Frenger\" width=\"484\" height=\"272\" src=\"https:\/\/www.youtube.com\/embed\/xkg84xhFdx4?feature=oembed\" frameborder=\"0\" allow=\"accelerometer; autoplay; clipboard-write; encrypted-media; gyroscope; picture-in-picture; web-share\" referrerpolicy=\"strict-origin-when-cross-origin\" allowfullscreen><\/iframe><\/p>\n\n\n<div style=\"height:20px\" aria-hidden=\"true\" class=\"wp-block-spacer\"><\/div>\n\n\n<p>Wer in der Wissenschaft arbeitet, muss sich von seinem Privatleben verabschieden \u2013 so das Klisch\u00e9e. St\u00e4ndig ist man am Forschen und zieht f\u00fcr Feldexperimente und Kongresse umher. Ein st\u00fcckweit stimmt das, doch dahinter steckt mehr. In Interviews mit verschiedenen Personen werden die Facetten der Vereinbarkeit von einem Job in der Wissenschaft und einem Privatleben mit Freizeit und gegebenenfalls Familie sichtbar.<\/p>\n<p>In dieser Folge zum Anh\u00f6ren ist Ivy Frenger unser Interviewgast. Sie ist Meteorologin und Klimaforscherin f\u00fcr Projekt CUSCO am GEOMAR in Kiel und versucht sich selbst, ihre Familie und eine befristete Stelle unter einen Hut zu bekommen.<\/p>\n<p>\u00a0<\/p>\n<p>Weiterlesen: Inspirierende Personen, die \u00fcber ihre pers\u00f6nliche Vereinbarkeit von ihrem Job in der Wissenschaft und ihrem Privatleben sprechen, im <a href=\"https:\/\/www.oceanblogs.org\/balticgender\/\" target=\"_blank\" rel=\"noopener\">Baltic Gender Blog<\/a>.<\/p>\n\n\n<div style=\"height:20px\" aria-hidden=\"true\" class=\"wp-block-spacer\"><\/div>\n\n\n\n<hr class=\"wp-block-separator is-style-dots\" \/>\n\n\n\n<div style=\"height:20px\" aria-hidden=\"true\" class=\"wp-block-spacer\"><\/div>\n\n\n\n<div class=\"wp-block-media-text alignwide is-stacked-on-mobile\" style=\"grid-template-columns:22% auto\"><figure class=\"wp-block-media-text__media\"><img loading=\"lazy\" decoding=\"async\" width=\"1000\" height=\"1000\" src=\"http:\/\/www.oceanblogs.org\/oceanstories-ebus\/wp-content\/uploads\/sites\/74\/2021\/02\/AnnKristin-Montano_sw-1.jpg\" alt=\"\" class=\"wp-image-239 size-full\" \/><\/figure><div class=\"wp-block-media-text__content\">\n<p><em>Autorin und Host: Ann Kristin Montano<\/em><\/p>\n<\/div><\/div>\n\n\n\n<div style=\"height:20px\" aria-hidden=\"true\" class=\"wp-block-spacer\"><\/div>\n\n\n\n<p><em>Ehemalige Wissenschaftlerin, die lange genug in anderen Bereichen gearbeitet hat, um Klischees \u00fcber Wissenschaftler*innen aufzubauen. Arbeitet jetzt gern unter Wissenschaftler*innen, um die Klischees wieder abzubauen. Hat im Interview mit Ivy erst wirklich verstanden, was das eigentlich hei\u00dft, in der Wissenschaft zu arbeiten, auf befristeten Vertr\u00e4gen, und mit einer Familie mehrfach umziehen zu m\u00fcssen. Sieht die Entscheidung von Menschen, in der Wissenschaft zu bleiben, jetzt nochmal mit anderen Augen.<\/em><\/p>\n","protected":false},"excerpt":{"rendered":"<p>Wer in der Wissenschaft arbeitet, muss sich von seinem Privatleben verabschieden \u2013 so das Klisch\u00e9e. St\u00e4ndig ist man am Forschen und zieht f\u00fcr Feldexperimente und Kongresse umher. Ein st\u00fcckweit stimmt das, doch dahinter steckt mehr. In Interviews mit verschiedenen Personen werden die Facetten der Vereinbarkeit von einem Job in der Wissenschaft und einem Privatleben mit [&hellip;]<\/p>\n","protected":false},"author":215,"featured_media":0,"comment_status":"open","ping_status":"open","sticky":false,"template":"","format":"standard","meta":{"footnotes":""},"categories":[3],"tags":[57,56,39,27,28,59,60,58,43,25,62],"class_list":["post-471","post","type-post","status-publish","format-standard","hentry","category-human-impact-on-the-oceans","tag-leben-in-der-wissenschaft","tag-leben-mit-der-wissenschaft","tag-oceanstories","tag-ozeanforschung","tag-ozeanwissenschaften","tag-wissenschaft-und-familie","tag-wissenschaft-und-freizeit","tag-wissenschaft-und-privatleben","tag-wissenschaftsblog","tag-wissenschaftskommunikation","tag-work-life-balance"],"_links":{"self":[{"href":"https:\/\/www.oceanblogs.org\/oceanstories-ebus\/wp-json\/wp\/v2\/posts\/471","targetHints":{"allow":["GET"]}}],"collection":[{"href":"https:\/\/www.oceanblogs.org\/oceanstories-ebus\/wp-json\/wp\/v2\/posts"}],"about":[{"href":"https:\/\/www.oceanblogs.org\/oceanstories-ebus\/wp-json\/wp\/v2\/types\/post"}],"author":[{"embeddable":true,"href":"https:\/\/www.oceanblogs.org\/oceanstories-ebus\/wp-json\/wp\/v2\/users\/215"}],"replies":[{"embeddable":true,"href":"https:\/\/www.oceanblogs.org\/oceanstories-ebus\/wp-json\/wp\/v2\/comments?post=471"}],"version-history":[{"count":9,"href":"https:\/\/www.oceanblogs.org\/oceanstories-ebus\/wp-json\/wp\/v2\/posts\/471\/revisions"}],"predecessor-version":[{"id":480,"href":"https:\/\/www.oceanblogs.org\/oceanstories-ebus\/wp-json\/wp\/v2\/posts\/471\/revisions\/480"}],"wp:attachment":[{"href":"https:\/\/www.oceanblogs.org\/oceanstories-ebus\/wp-json\/wp\/v2\/media?parent=471"}],"wp:term":[{"taxonomy":"category","embeddable":true,"href":"https:\/\/www.oceanblogs.org\/oceanstories-ebus\/wp-json\/wp\/v2\/categories?post=471"},{"taxonomy":"post_tag","embeddable":true,"href":"https:\/\/www.oceanblogs.org\/oceanstories-ebus\/wp-json\/wp\/v2\/tags?post=471"}],"curies":[{"name":"wp","href":"https:\/\/api.w.org\/{rel}","templated":true}]}}