{"id":374,"date":"2021-04-20T17:03:16","date_gmt":"2021-04-20T16:03:16","guid":{"rendered":"http:\/\/www.oceanblogs.org\/oceanstories-ebus\/?p=374"},"modified":"2021-04-20T17:03:16","modified_gmt":"2021-04-20T16:03:16","slug":"science-meets-art-interview-with-alba-filella-lopez-de-lamadrid-and-nicolas-smith-sanchez","status":"publish","type":"post","link":"https:\/\/www.oceanblogs.org\/oceanstories-ebus\/2021\/04\/20\/science-meets-art-interview-with-alba-filella-lopez-de-lamadrid-and-nicolas-smith-sanchez\/","title":{"rendered":"Science meets Art \u2013 Interview with Alba Filella L\u00f3pez de Lamadrid and Nicol\u00e1s Smith-S\u00e1nchez"},"content":{"rendered":"\n<div style=\"height:20px\" aria-hidden=\"true\" class=\"wp-block-spacer\"><\/div>\n\n\n<p><em>The natural sciences seem to be so closely connected to art. Why is that and what do two ocean scientists, who are also artists, say about this fascinating topic? The interview with them was a real revelation. A selection of their breathtaking pictures is shown in the video.<\/em><\/p>\n<p>Alba Filella L\u00f3pez de Lamadrid and Nicol\u00e1s Smith-S\u00e1nchez are both involved with <a href=\"https:\/\/www.ebus-climate-change.de\/cusco;jsessionid=35DAF5C1F23658888CB2747D48424A06\" target=\"_blank\" rel=\"noopener\">project CUSCO<\/a>. They are ocean scientists as well as artists, mainly painting or doing photography. They have been in Peru to do mesocosm experiments in the field, which turned out to be a great inspiration for their painting. Both are inspiring personalities with great talent. See for yourself!<\/p>\n\n\n<p><\/p>\n\n\n\n<div style=\"height:20px\" aria-hidden=\"true\" class=\"wp-block-spacer\"><\/div>\n\n\n<p><iframe loading=\"lazy\" title=\"Science meets Art \u2013 Interview with Alba Filella L\u00f3pez de Lamadrid and Nicol\u00e1s Smith-S\u00e1nchez\" width=\"484\" height=\"272\" src=\"https:\/\/www.youtube.com\/embed\/FJHc2VRKoTU?feature=oembed\" frameborder=\"0\" allow=\"accelerometer; autoplay; clipboard-write; encrypted-media; gyroscope; picture-in-picture; web-share\" referrerpolicy=\"strict-origin-when-cross-origin\" allowfullscreen><\/iframe><\/p>\n\n\n<div style=\"height:20px\" aria-hidden=\"true\" class=\"wp-block-spacer\"><\/div>\n\n\n<h5>Follow Alba on Instagram: <a href=\"https:\/\/www.instagram.com\/albsfll\/\" target=\"_blank\" rel=\"noopener\">@<span style=\"font-size: inherit\">albsfll<\/span><\/a><\/h5>\n<h5>Follow Nico on Instagram: <a href=\"https:\/\/www.instagram.com\/nicsmithsan\/\" target=\"_blank\" rel=\"noopener\">@nicsmithsan<\/a><\/h5>\n<div class=\"nZSzR\">\n<div class=\"                     Igw0E     IwRSH      eGOV_     ybXk5    _4EzTm                                                                                                              \">\n<div class=\"                     Igw0E     IwRSH      eGOV_     ybXk5    _4EzTm                                                                                                              \">\n<div class=\"_862NM \">\n<div class=\"                     Igw0E     IwRSH      eGOV_        vwCYk                                         JI_ht                                                                      \"><button class=\"sqdOP  L3NKy _4pI4F   _8A5w5    \" type=\"button\">Nachricht senden<\/button><\/div>\n<\/div>\n<div class=\"  \">\n<div class=\"                     Igw0E     IwRSH      eGOV_         _4EzTm                                                                                                              \">\n<div class=\"                     Igw0E   rBNOH          YBx95       _4EzTm                                                                                                              \">\u00a0<\/div>\n<div class=\"                     Igw0E   rBNOH          YBx95       _4EzTm                                                                                zQLcH            XTCZH                  \">\u00a0<\/div>\n<\/div>\n<\/div>\n<\/div>\n<\/div>\n<div class=\"AFWDX\">\n<div class=\"QBdPU \">\u00a0<\/div>\n<\/div>\n<\/div>","protected":false},"excerpt":{"rendered":"<p>The natural sciences seem to be so closely connected to art. Why is that and what do two ocean scientists, who are also artists, say about this fascinating topic? The interview with them was a real revelation. A selection of their breathtaking pictures is shown in the video. Alba Filella L\u00f3pez de Lamadrid and Nicol\u00e1s [&hellip;]<\/p>\n","protected":false},"author":215,"featured_media":0,"comment_status":"open","ping_status":"open","sticky":false,"template":"","format":"standard","meta":{"footnotes":""},"categories":[3],"tags":[47,49,38,18,37,50,48,52,42,39,40,51],"class_list":["post-374","post","type-post","status-publish","format-standard","hentry","category-human-impact-on-the-oceans","tag-interview","tag-ocean-and-art","tag-ocean-project","tag-ocean-research","tag-ocean-science","tag-ocean-scientist","tag-ocean-scientists","tag-ocean-stories","tag-oceanblog","tag-oceanstories","tag-science-and-art","tag-science-meets-art"],"_links":{"self":[{"href":"https:\/\/www.oceanblogs.org\/oceanstories-ebus\/wp-json\/wp\/v2\/posts\/374","targetHints":{"allow":["GET"]}}],"collection":[{"href":"https:\/\/www.oceanblogs.org\/oceanstories-ebus\/wp-json\/wp\/v2\/posts"}],"about":[{"href":"https:\/\/www.oceanblogs.org\/oceanstories-ebus\/wp-json\/wp\/v2\/types\/post"}],"author":[{"embeddable":true,"href":"https:\/\/www.oceanblogs.org\/oceanstories-ebus\/wp-json\/wp\/v2\/users\/215"}],"replies":[{"embeddable":true,"href":"https:\/\/www.oceanblogs.org\/oceanstories-ebus\/wp-json\/wp\/v2\/comments?post=374"}],"version-history":[{"count":4,"href":"https:\/\/www.oceanblogs.org\/oceanstories-ebus\/wp-json\/wp\/v2\/posts\/374\/revisions"}],"predecessor-version":[{"id":378,"href":"https:\/\/www.oceanblogs.org\/oceanstories-ebus\/wp-json\/wp\/v2\/posts\/374\/revisions\/378"}],"wp:attachment":[{"href":"https:\/\/www.oceanblogs.org\/oceanstories-ebus\/wp-json\/wp\/v2\/media?parent=374"}],"wp:term":[{"taxonomy":"category","embeddable":true,"href":"https:\/\/www.oceanblogs.org\/oceanstories-ebus\/wp-json\/wp\/v2\/categories?post=374"},{"taxonomy":"post_tag","embeddable":true,"href":"https:\/\/www.oceanblogs.org\/oceanstories-ebus\/wp-json\/wp\/v2\/tags?post=374"}],"curies":[{"name":"wp","href":"https:\/\/api.w.org\/{rel}","templated":true}]}}