{"id":928,"date":"2014-06-20T13:51:06","date_gmt":"2014-06-20T11:51:06","guid":{"rendered":"http:\/\/www.oceanblogs.org\/oceannavigator\/?p=928"},"modified":"2014-06-23T11:55:05","modified_gmt":"2014-06-23T09:55:05","slug":"navigators-wochenbericht-leinen-los-polares-globales-und-lokales","status":"publish","type":"post","link":"https:\/\/www.oceanblogs.org\/oceannavigator\/2014\/06\/20\/navigators-wochenbericht-leinen-los-polares-globales-und-lokales\/","title":{"rendered":"Navigators Wochenbericht: Leinen los &#8211; Polares, Globales und Lokales"},"content":{"rendered":"<p>Am Samstag hei\u00dft es hier in Kiel wieder &#8220;Leinen los&#8221;, wenn Joachim Gauck traditionsgem\u00e4\u00df die <a href=\"http:\/\/www.kieler-woche.de\/sommerfest\/politische_highlights\/Bundespraesident.php\" target=\"_blank\">Glocke zur Er\u00f6ffnung der Kieler Woche<\/a> schl\u00e4gt und ganz Kiel in den Ausnahmezustand versetzt. Wer zwischen dem hochkar\u00e4tigen Musikprogramm, den K\u00f6stlichkeiten auf dem internationalen Markt und nat\u00fcrlich dem spannenden Geschehen auf dem Wasser auch Interesse an der Forschung im Wasser hat, kommt auch in diesem Jahr nicht zu kurz. Das <a href=\"http:\/\/www.geomar.de\/\" target=\"_blank\">GEOMAR<\/a> und der <a href=\"http:\/\/www.futureocean.org\/de\/index.php\" target=\"_blank\">Exzellenzcluster Future Ocean<\/a> bieten ein buntes Programm an Vortr\u00e4gen, Ausstellungen und Open Ship f\u00fcr Meeresbegeisterte aller Altersstufen. Mehr Informationen zum Programm gibt es <a href=\"http:\/\/www.geomar.de\/news\/article\/die-kieler-ozeanforschung-auf-der-kieler-woche\/\" target=\"_blank\">hier.<\/a><\/p>\n<div id=\"attachment_930\" style=\"width: 243px\" class=\"wp-caption aligncenter\"><a href=\"http:\/\/www.oceanblogs.org\/oceannavigator\/wp-content\/uploads\/sites\/2\/2014\/06\/2013-06-28_11_OpenShip-KiWo2013_KLEIN_JSteffen-GEOMAR.jpg\"><img loading=\"lazy\" decoding=\"async\" aria-describedby=\"caption-attachment-930\" class=\"wp-image-930 size-medium\" src=\"http:\/\/www.oceanblogs.org\/oceannavigator\/wp-content\/uploads\/sites\/2\/2014\/06\/2013-06-28_11_OpenShip-KiWo2013_KLEIN_JSteffen-GEOMAR-233x350.jpg\" alt=\"Meerestiere zum Anfassen beim Open Ship auf FS ALKOR w\u00e4hrend der Kieler Woche. Foto: Jan Steffen, GEOMAR\" width=\"233\" height=\"350\" srcset=\"https:\/\/www.oceanblogs.org\/oceannavigator\/wp-content\/uploads\/sites\/2\/2014\/06\/2013-06-28_11_OpenShip-KiWo2013_KLEIN_JSteffen-GEOMAR-233x350.jpg 233w, https:\/\/www.oceanblogs.org\/oceannavigator\/wp-content\/uploads\/sites\/2\/2014\/06\/2013-06-28_11_OpenShip-KiWo2013_KLEIN_JSteffen-GEOMAR-682x1024.jpg 682w, https:\/\/www.oceanblogs.org\/oceannavigator\/wp-content\/uploads\/sites\/2\/2014\/06\/2013-06-28_11_OpenShip-KiWo2013_KLEIN_JSteffen-GEOMAR.jpg 700w\" sizes=\"auto, (max-width: 233px) 100vw, 233px\" \/><\/a><p id=\"caption-attachment-930\" class=\"wp-caption-text\">Meerestiere zum Anfassen beim Open Ship auf FS ALKOR w\u00e4hrend der Kieler Woche. Foto: Jan Steffen, GEOMAR<\/p><\/div>\n<p>Auch in Kiel hat gerade unter Beteiligung des GEOMAR eine Ausstellung der <a href=\"http:\/\/www.ihk-schleswig-holstein.de\/servicemarken\/regionales\/ihk_kiel12955\/\" target=\"_blank\">IHK zu Kiel<\/a> mit dem Titel &#8220;<a href=\"http:\/\/www.ihk-schleswig-holstein.de\/servicemarken\/regionales\/ihk_kiel12955\/2919808\/Merkur_Galerie_Behm.html\" target=\"_blank\">Alexander Behm und das Echolot<\/a>&#8221; er\u00f6ffnet. Bis zum 22. August kann man sich in der Merkur-Galerie \u00fcber den Kieler Erfinder und Forscher informieren, der die Schifffahrt revolutionieren sollte.<\/p>\n<p>Weitere interessante Informationen zur hier in Kiel etablierten Meeresforschung birgt auch der <a href=\"http:\/\/www.geomar.de\/service\/kommunikation\/newsletter\/\" target=\"_blank\">neue Newsletter<\/a> des GEOMAR. Aktuelle Forschung, interessante Veranstaltungen und Wissenswertes rund um das Zentrum f\u00fcr Ozeanforschung finden hier ihren Platz.<\/p>\n<div id=\"attachment_945\" style=\"width: 257px\" class=\"wp-caption aligncenter\"><a href=\"http:\/\/www.oceanblogs.org\/oceannavigator\/wp-content\/uploads\/sites\/2\/2014\/06\/gn_cover_0214_118d354670.jpg\"><img loading=\"lazy\" decoding=\"async\" aria-describedby=\"caption-attachment-945\" class=\"size-medium wp-image-945\" src=\"http:\/\/www.oceanblogs.org\/oceannavigator\/wp-content\/uploads\/sites\/2\/2014\/06\/gn_cover_0214_118d354670-247x350.jpg\" alt=\"Cover der GEOMAR NEWS 02\/2014. Foto: Christian Howe, Grafik: Christoph Kersten, GEOMAR\" width=\"247\" height=\"350\" srcset=\"https:\/\/www.oceanblogs.org\/oceannavigator\/wp-content\/uploads\/sites\/2\/2014\/06\/gn_cover_0214_118d354670-247x350.jpg 247w, https:\/\/www.oceanblogs.org\/oceannavigator\/wp-content\/uploads\/sites\/2\/2014\/06\/gn_cover_0214_118d354670.jpg 300w\" sizes=\"auto, (max-width: 247px) 100vw, 247px\" \/><\/a><p id=\"caption-attachment-945\" class=\"wp-caption-text\">Cover der GEOMAR NEWS 02\/2014. Foto: Christian Howe, Grafik: Christoph Kersten, GEOMAR<\/p><\/div>\n<p>Aber auch in etwas weiter entfernten Gefilden tut sich etwas: Der Blog der in die polaren Regionen reisenden Teilnehmer des Projektes &#8220;System Laptevsee&#8221; <a href=\"http:\/\/www.oceanblogs.org\/transpolardrift\/\" target=\"_blank\">Transpolardrift<\/a> ist wieder aktiv. Spannende Berichte von der Arbeit im ewigen Eis und sch\u00f6ne Anekdoten \u00fcber verschollen geglaubte Forschungsger\u00e4te erwarten den Leser.<\/p>\n<div id=\"attachment_947\" style=\"width: 272px\" class=\"wp-caption aligncenter\"><a href=\"http:\/\/www.oceanblogs.org\/oceannavigator\/wp-content\/uploads\/sites\/2\/2014\/06\/2014-06-15_ScottishCoastGuard_Privat.jpg\"><img loading=\"lazy\" decoding=\"async\" aria-describedby=\"caption-attachment-947\" class=\"wp-image-947 size-medium\" src=\"http:\/\/www.oceanblogs.org\/oceannavigator\/wp-content\/uploads\/sites\/2\/2014\/06\/2014-06-15_ScottishCoastGuard_Privat-262x350.jpg\" alt=\"Schottische Coast Guard mit verloren geglaubtem Forschungsger\u00e4te. Foto: Privat\" width=\"262\" height=\"350\" srcset=\"https:\/\/www.oceanblogs.org\/oceannavigator\/wp-content\/uploads\/sites\/2\/2014\/06\/2014-06-15_ScottishCoastGuard_Privat-262x350.jpg 262w, https:\/\/www.oceanblogs.org\/oceannavigator\/wp-content\/uploads\/sites\/2\/2014\/06\/2014-06-15_ScottishCoastGuard_Privat.jpg 767w\" sizes=\"auto, (max-width: 262px) 100vw, 262px\" \/><\/a><p id=\"caption-attachment-947\" class=\"wp-caption-text\">Schottische Coast Guard mit verloren geglaubtem Forschungsger\u00e4t. Foto: Privat<\/p><\/div>\n<p>Im s\u00fcdlichen Afrika bereitet sich das Team der <a href=\"http:\/\/www.bgr.de\/fs_sonne\/\" target=\"_blank\">FS Sonne<\/a> (I) auf einen Teamwechsel vor: Die Fahrt <a href=\"http:\/\/www.geomar.de\/forschen\/expeditionen\/detailansicht\/exp\/planned\/322515\/\">SO233 WALVIS II<\/a> wird enden und die Fahrt <a href=\"http:\/\/www.geomar.de\/forschen\/fb4\/fb4-muhs\/muhs-forschungsfahrten0\/\">SO234-1 SPACES <\/a>daf\u00fcr beginnen. Ein Teil der alten wissenschaftlichen und technischen Besatzung wird dieser Tage von Bord gehen und neuen Gesichtern und Geschichten Platz machen. Der Blog <a href=\"http:\/\/www.oceanblogs.org\/walvis2\/\" target=\"_blank\">WALVIS II<\/a> wird weiterbestehen, wenn auch mit teilweise ge\u00e4nderten Autoren und Akteuren.<\/p>\n<p>Ganz global kommt der <a href=\"http:\/\/www.microb3.eu\/osd\" target=\"_blank\">Ocean Sampling Day<\/a> daher, f\u00fcr den 170 Institute weltweit gleichzeitig Wasserproben nehmen und anschlie\u00dfend die enthaltenen Mikroben analysieren. Die Forscher erhoffen sich von der Aktion Einblicke in grundlegende Mechanismen, die der mikrobiellen Vielfalt unterliegen. <a href=\"http:\/\/www.geomar.de\/news\/article\/internationaler-ocean-sampling-day-in-kiel\/\" target=\"_blank\">Auch das GEOMAR und der Exzellenzcluster &#8220;Future Ocean&#8221; nehmen an der Aktion teil<\/a>. Prof. Dr. Herrmann Bange und Dr. Carolin L\u00f6scher werden f\u00fcr ihre ohnehin anstehende monatliche Fahrt nach Boknis Eck eine Probe nach dem standardisierten Verfahren nehmen und anschlie\u00dfend analysieren lassen. Auf <a href=\"https:\/\/twitter.com\/GEOMAR_de\" target=\"_blank\">Twitter<\/a> kann die Probennahme unter dem Hashtag <a href=\"https:\/\/twitter.com\/hashtag\/oceansamplingday\" target=\"_blank\">#oceansamplingday <\/a>live mitverfolgt werden.<\/p>\n<p>Ein deutschlandweit angesto\u00dfenes Thema ist uns derzeit besonders wichtig: Als Wissenschaftskommunikatoren haben wir diese Woche auch die Berichterstattung und Kommentare zum Bericht \u201e<a href=\"http:\/\/www.leopoldina.org\/de\/publikationen\/detailansicht\/?publication[publication]=580&amp;cHash=33ff5b101b17cb24425f2dd48cffffa0\" target=\"_blank\">Zur Gestaltung der Kommunikation zwischen Wissenschaft, \u00d6ffentlichkeit und den Medien<\/a>\u201c (WOEM) und den \u201e<a href=\"http:\/\/www.wissenschaft-im-dialog.de\/wissenschaftskommunikation\/weiterentwicklung\/siggener-aufruf.html\" target=\"_blank\">Siggener Aufruf<\/a>\u201c verfolgt. Sehr wahre Betrachtungen stecken in diesen Ver\u00f6ffentlichungen. Aber lasst uns doch klein anfangen \u2013 das w\u00e4re unsere Bitte am Ende einer Woche, in der uns der Blick in Pressespiegel und Mediatheken nicht immer gl\u00fccklich gemacht hat. Unsere Themen liegen uns am Herzen \u2013 erst recht, nachdem wir uns durch Fachver\u00f6ffentlichungen gearbeitet, Wissenschaftler mit Fragen gel\u00f6chert und um Formulierungen in unseren Pressetexten gerungen haben. Wir liefern auch gern immer wieder Tipps f\u00fcr spannende Geschichten und\u00a0 locken unsere Kollegen f\u00fcr Interviews hinter ihrer eigentlichen wissenschaftlichen Arbeit hervor. Und dann freuen wir uns nat\u00fcrlich auf Beitr\u00e4ge in den Medien, die sorgf\u00e4ltig recherchiert und formuliert sind \ud83d\ude09<\/p>\n<p>Yasmin Appelhans und Maike Nicolai<\/p>\n","protected":false},"excerpt":{"rendered":"<p>Am Samstag hei\u00dft es hier in Kiel wieder &#8220;Leinen los&#8221;, wenn Joachim Gauck traditionsgem\u00e4\u00df die Glocke zur Er\u00f6ffnung der Kieler Woche schl\u00e4gt und ganz Kiel in den Ausnahmezustand versetzt. Wer zwischen dem hochkar\u00e4tigen Musikprogramm, den K\u00f6stlichkeiten auf dem internationalen Markt und nat\u00fcrlich dem spannenden Geschehen auf dem Wasser auch Interesse an der Forschung im Wasser [&hellip;]<\/p>\n","protected":false},"author":91,"featured_media":950,"comment_status":"open","ping_status":"open","sticky":false,"template":"","format":"standard","meta":{"footnotes":""},"categories":[32],"tags":[],"class_list":["post-928","post","type-post","status-publish","format-standard","has-post-thumbnail","hentry","category-kommunikation"],"_links":{"self":[{"href":"https:\/\/www.oceanblogs.org\/oceannavigator\/wp-json\/wp\/v2\/posts\/928","targetHints":{"allow":["GET"]}}],"collection":[{"href":"https:\/\/www.oceanblogs.org\/oceannavigator\/wp-json\/wp\/v2\/posts"}],"about":[{"href":"https:\/\/www.oceanblogs.org\/oceannavigator\/wp-json\/wp\/v2\/types\/post"}],"author":[{"embeddable":true,"href":"https:\/\/www.oceanblogs.org\/oceannavigator\/wp-json\/wp\/v2\/users\/91"}],"replies":[{"embeddable":true,"href":"https:\/\/www.oceanblogs.org\/oceannavigator\/wp-json\/wp\/v2\/comments?post=928"}],"version-history":[{"count":9,"href":"https:\/\/www.oceanblogs.org\/oceannavigator\/wp-json\/wp\/v2\/posts\/928\/revisions"}],"predecessor-version":[{"id":956,"href":"https:\/\/www.oceanblogs.org\/oceannavigator\/wp-json\/wp\/v2\/posts\/928\/revisions\/956"}],"wp:featuredmedia":[{"embeddable":true,"href":"https:\/\/www.oceanblogs.org\/oceannavigator\/wp-json\/wp\/v2\/media\/950"}],"wp:attachment":[{"href":"https:\/\/www.oceanblogs.org\/oceannavigator\/wp-json\/wp\/v2\/media?parent=928"}],"wp:term":[{"taxonomy":"category","embeddable":true,"href":"https:\/\/www.oceanblogs.org\/oceannavigator\/wp-json\/wp\/v2\/categories?post=928"},{"taxonomy":"post_tag","embeddable":true,"href":"https:\/\/www.oceanblogs.org\/oceannavigator\/wp-json\/wp\/v2\/tags?post=928"}],"curies":[{"name":"wp","href":"https:\/\/api.w.org\/{rel}","templated":true}]}}