{"id":907,"date":"2014-06-13T15:01:20","date_gmt":"2014-06-13T13:01:20","guid":{"rendered":"http:\/\/www.oceanblogs.org\/oceannavigator\/?p=907"},"modified":"2014-12-19T16:43:50","modified_gmt":"2014-12-19T14:43:50","slug":"navigators-wochenbericht-die-sonne-erscheint","status":"publish","type":"post","link":"https:\/\/www.oceanblogs.org\/oceannavigator\/2014\/06\/13\/navigators-wochenbericht-die-sonne-erscheint\/","title":{"rendered":"Navigators Wochenbericht: Die SONNE (er)scheint"},"content":{"rendered":"<p>Wie (fast) immer am Freitag auch heute wieder die Frage: Was war los in dieser Woche? Viele Menschen w\u00fcrden als Antwort auf diese Frage zuerst den Start der Fu\u00dfball-WM in <a title=\"Navigators Wochenbericht: \u201eFuture Ocean Dialogue\u201c \u2013 Ziel erreicht und neuer Start\" href=\"http:\/\/www.oceanblogs.org\/oceannavigator\/2014\/06\/06\/navigators-wochenbericht-future-ocean-dialogue-ziel-erreicht-und-neuer-start\/\">Brasilien<\/a> (ja, das Land, in dem wir auch aktiv sind) nennen. Klar, die besch\u00e4ftigt auch fu\u00dfballbegeisterte Meeresforscher. Aber f\u00fcr uns in Kiel gab es noch ein anderes, wichtiges Ereignis. Viele Kolleginnen und Kollegen sind daf\u00fcr heute &#8211; trotz des WM-Starts gestern &#8211; extra fr\u00fch aufgestanden. Denn heute Morgen lief das neue Forschungsschiff SONNE erstmals in den Kieler Hafen ein. Als das markante Schiff mit dem schwarzen Rumpf und dem Schriftzug &#8220;Science&#8221; an der Bordwand gegen 8 Uhr langsam in die Kieler Innenf\u00f6rde einbog, waren am GEOMAR Dachterassen, Balkone und B\u00fcrofenster mit Wasserblick bereits gut besetzt.<\/p>\n<p>Noch ist die SONNE allerdings nicht im Forschungseinsatz. Die aktuelle Fahrt ist Teil der Erprobungsfahrten, bei denen der 124 Millionen Euro teure Neubau auf Herz und Nieren gepr\u00fcft wird. Dazu geh\u00f6rt auch eine sogenannte Pfahlzugmessung, die Auskunft \u00fcber die tats\u00e4chliche Zugkraft des Schiffsantriebs gibt. Dieser Test erfolgt bei der Kieler Werft Abu Dhabi Mar. Dank dieses Umstandes konnten wir GEOMARianer das Schiff endlich hautnah erleben.<\/p>\n<p>Erst am 5. April 2014 hatte die SONNE die Meyer Werft in Papenburg verlassen und sich am 10. Mai \u00fcber die Ems auf den Weg nach Emden gemacht. Anfang Juni ging es dann durch den Nord-Ostsee-Kanal zu Erprobungsfahrten in die Eckernf\u00f6rder Bucht.<\/p>\n<p>Die SONNE wird am 16. Juli auf der Neptun Werft in Rostock getauft. Im Rahmen einer offiziellen Vorstellungstour durch die norddeutschen Hafenst\u00e4dte wird das Schiff voraussichtlich Ende November 2014 noch einmal nach Kiel kommen und kann dann auch besichtigt werden. Anschlie\u00dfend wird die SONNE in ihr Einsatzgebiet im Pazifischen und Indischen Ozean \u00fcberf\u00fchrt und dort ab Anfang 2015 ihre T\u00e4tigkeit f\u00fcr die deutsche Meeresforschung aufnehmen. Die ersten konkreten Expeditionen sind bereits in Vorbereitung.<\/p>\n<p>Wer sich jetzt fragt: Wenn die SONNE (II) schon ihre Testfahrten absolviert, was macht dann die SONNE (I)? Ganz einfach: Der Klassiker der deutschen Hochseeforschung ist immer noch flei\u00dfig im Einsatz. Aktuell bef\u00e4hrt sie unter Leitung des GEOMAR den S\u00fcdatlantik. Was sie dort genau macht, kann im <a title=\"Ling zum Blog Walvis II\" href=\"http:\/\/www.oceanblogs.org\/walvisII\" target=\"_blank\">WALVIS II-Blog<\/a> verfolgt werden.<\/p>\n<p>Mit ein paar\u00a0 Bilder vom neuen Schiff verabschieden wir uns f\u00fcr diese Woche.<\/p>\n<p>&nbsp;<\/p>\n<!-- Rendered by FancyBox WITH labels BEGIN -->\n\n\t<style type=\"text\/css\">\n\t\t\t\t\t#gallery-0 {\n\t\t\t\t\t\tmargin: auto;\n\t\t\t\t\t}\n\t\t\t\t\t#gallery-0 .gallery-item {\n\t\t\t\t\t\tfloat: left;\n\t\t\t\t\t\tmargin-top: 10px;\n\t\t\t\t\t\ttext-align: center;\n\t\t\t\t\t\twidth: 32%;\n\t\t\t\t\t}\n\t\t\t\t\t#gallery-0 img {\n\t\t\t\t\t\tborder: 2px solid #cfcfcf;\n\t\t\t\t\t}\n\t\t\t\t\t#gallery-0 .gallery-caption {\n\t\t\t\t\t\tmargin-left: 0;\n\t\t\t\t\t}\n\t<\/style>\n<script type=\"text\/javascript\">\n$(document).ready(function() {\n\t\/*\n\t *  Simple image gallery. Uses default settings\n\t *\/\n\n\t$(\".fancybox\").fancybox({\n\t\t\"transitionIn\"\t\t: \"none\",\n\t\t\"transitionOut\"\t\t: \"none\",\n\t\t\"titlePosition\" \t: \"over\"\n\t\t,\n\t\t\"titleFormat\"\t\t: function(title, currentArray, currentIndex, currentOpts) {\n\t\t\treturn \"<span id='fancybox-title-over'><span id='fancybox-title-pretext'>Image <\/span>\"+(currentIndex+1)+\" \/ \" + currentArray.length + (title.length ? \" &nbsp; \" + title : \"\") + \"<\/span>\";\n\t\t}\n\n\t});\n});\n<\/script>\n\n\t<div id=\"gallery-0\" class=\"gallery galleryid-0 gallery-size-thumbnail\" style=\"\"><dl class=\"gallery-item\"><dt class=\"gallery-icon\">\n\t\t<a class=\"fancybox\" href=\"https:\/\/www.oceanblogs.org\/oceannavigator\/wp-content\/uploads\/sites\/2\/2014\/06\/2014-06-13_020_FSSONNEII_Pfahlzugtest_900px_JSteffen-GEOMAR.jpg\" title=\"FS SONNE (II) in Kiel. Foto: J. Steffen, GEOMAR\" rel=\"gallery-0\"><img loading=\"lazy\" decoding=\"async\" width=\"135\" height=\"135\" class=\"attachment-thumbnail\" alt=\"FS SONNE (II) in Kiel. Foto: J. Steffen, GEOMAR\" src=\"https:\/\/www.oceanblogs.org\/oceannavigator\/wp-content\/uploads\/sites\/2\/2014\/06\/2014-06-13_020_FSSONNEII_Pfahlzugtest_900px_JSteffen-GEOMAR-135x135.jpg\" \/><\/a><\/dt><dd class=\"wp-caption-text gallery-caption\">FS SONNE (II) in Kiel. Foto: J. Steffen, GEOMAR<\/dd><\/dl>\n\n<dl class=\"gallery-item\"><dt class=\"gallery-icon\">\n\t\t<a class=\"fancybox\" href=\"https:\/\/www.oceanblogs.org\/oceannavigator\/wp-content\/uploads\/sites\/2\/2014\/06\/2014-06-13_045_FSSONNEII_Pfahlzugtest_900px_JSteffen-GEOMAR.jpg\" title=\"FS SONNE (II) in Kiel. Foto: J. Steffen, GEOMAR\" rel=\"gallery-0\"><img loading=\"lazy\" decoding=\"async\" width=\"135\" height=\"135\" class=\"attachment-thumbnail\" alt=\"FS SONNE (II) in Kiel. Foto: J. Steffen, GEOMAR\" src=\"https:\/\/www.oceanblogs.org\/oceannavigator\/wp-content\/uploads\/sites\/2\/2014\/06\/2014-06-13_045_FSSONNEII_Pfahlzugtest_900px_JSteffen-GEOMAR-135x135.jpg\" \/><\/a><\/dt><dd class=\"wp-caption-text gallery-caption\">FS SONNE (II) in Kiel. Foto: J. Steffen, GEOMAR<\/dd><\/dl>\n\n<dl class=\"gallery-item\"><dt class=\"gallery-icon\">\n\t\t<a class=\"fancybox\" href=\"https:\/\/www.oceanblogs.org\/oceannavigator\/wp-content\/uploads\/sites\/2\/2014\/06\/2014-06-13_075_FSSONNEII_Pfahlzugtest_900px_JSteffen-GEOMAR.jpg\" title=\"FS SONNE (II) in Kiel. Foto: J. Steffen, GEOMAR\" rel=\"gallery-0\"><img loading=\"lazy\" decoding=\"async\" width=\"135\" height=\"135\" class=\"attachment-thumbnail\" alt=\"FS SONNE (II) in Kiel. Foto: J. Steffen, GEOMAR\" src=\"https:\/\/www.oceanblogs.org\/oceannavigator\/wp-content\/uploads\/sites\/2\/2014\/06\/2014-06-13_075_FSSONNEII_Pfahlzugtest_900px_JSteffen-GEOMAR-135x135.jpg\" \/><\/a><\/dt><dd class=\"wp-caption-text gallery-caption\">FS SONNE (II) in Kiel. Foto: J. Steffen, GEOMAR<\/dd><\/dl>\n\n<dl class=\"gallery-item\"><dt class=\"gallery-icon\">\n\t\t<a class=\"fancybox\" href=\"https:\/\/www.oceanblogs.org\/oceannavigator\/wp-content\/uploads\/sites\/2\/2014\/06\/2014-06-13_070_FSSONNEII_Pfahlzugtest_900px_JSteffen-GEOMAR.jpg\" title=\"FS SONNE (II) in Kiel, gesehen von der Forschungsbarkasse POLARFUCHS aus. Foto: J. Steffen, GEOMAR\" rel=\"gallery-0\"><img loading=\"lazy\" decoding=\"async\" width=\"135\" height=\"135\" class=\"attachment-thumbnail\" alt=\"FS SONNE (II) in Kiel, gesehen von der Forschungsbarkasse POLARFUCHS aus. Foto: J. Steffen, GEOMAR\" src=\"https:\/\/www.oceanblogs.org\/oceannavigator\/wp-content\/uploads\/sites\/2\/2014\/06\/2014-06-13_070_FSSONNEII_Pfahlzugtest_900px_JSteffen-GEOMAR-135x135.jpg\" \/><\/a><\/dt><dd class=\"wp-caption-text gallery-caption\">FS SONNE (II) in Kiel, gesehen von der Forschungsbarkasse POLARFUCHS aus. Foto: J. Steffen, GEOMAR<\/dd><\/dl>\n\n<dl class=\"gallery-item\"><dt class=\"gallery-icon\">\n\t\t<a class=\"fancybox\" href=\"https:\/\/www.oceanblogs.org\/oceannavigator\/wp-content\/uploads\/sites\/2\/2014\/06\/2014-06-13_115_FSSONNEII_Pfahlzugtest_900px_JSteffen-GEOMAR.jpg\" title=\"FS SONNE (II) in Kiel. Foto: J. Steffen, GEOMAR\" rel=\"gallery-0\"><img loading=\"lazy\" decoding=\"async\" width=\"135\" height=\"135\" class=\"attachment-thumbnail\" alt=\"FS SONNE (II) in Kiel. Foto: J. Steffen, GEOMAR\" src=\"https:\/\/www.oceanblogs.org\/oceannavigator\/wp-content\/uploads\/sites\/2\/2014\/06\/2014-06-13_115_FSSONNEII_Pfahlzugtest_900px_JSteffen-GEOMAR-135x135.jpg\" \/><\/a><\/dt><dd class=\"wp-caption-text gallery-caption\">FS SONNE (II) in Kiel. Foto: J. Steffen, GEOMAR<\/dd><\/dl>\n\n<dl class=\"gallery-item\"><dt class=\"gallery-icon\">\n\t\t<a class=\"fancybox\" href=\"https:\/\/www.oceanblogs.org\/oceannavigator\/wp-content\/uploads\/sites\/2\/2014\/06\/2014-06-13_165_FSSONNEII_Pfahlzugtest_900px_JSteffen-GEOMAR.jpg\" title=\"FS SONNE (II) in Kiel. Foto: J. Steffen, GEOMAR\" rel=\"gallery-0\"><img loading=\"lazy\" decoding=\"async\" width=\"135\" height=\"135\" class=\"attachment-thumbnail\" alt=\"FS SONNE (II) in Kiel. Foto: J. Steffen, GEOMAR\" src=\"https:\/\/www.oceanblogs.org\/oceannavigator\/wp-content\/uploads\/sites\/2\/2014\/06\/2014-06-13_165_FSSONNEII_Pfahlzugtest_900px_JSteffen-GEOMAR-135x135.jpg\" \/><\/a><\/dt><dd class=\"wp-caption-text gallery-caption\">FS SONNE (II) in Kiel. Foto: J. Steffen, GEOMAR<\/dd><\/dl>\n\n<\/div><br clear=\"all\" \/><!-- Rendered by FancyBox WITH labels END -->\n\n<p><iframe loading=\"lazy\" src=\"\/\/www.youtube.com\/embed\/9-ZkohhVke0\" width=\"560\" height=\"315\" frameborder=\"0\" allowfullscreen=\"allowfullscreen\"><\/iframe><\/p>\n","protected":false},"excerpt":{"rendered":"<p>Wie (fast) immer am Freitag auch heute wieder die Frage: Was war los in dieser Woche? Viele Menschen w\u00fcrden als Antwort auf diese Frage zuerst den Start der Fu\u00dfball-WM in Brasilien (ja, das Land, in dem wir auch aktiv sind) nennen. Klar, die besch\u00e4ftigt auch fu\u00dfballbegeisterte Meeresforscher. Aber f\u00fcr uns in Kiel gab es noch [&hellip;]<\/p>\n","protected":false},"author":4,"featured_media":913,"comment_status":"open","ping_status":"open","sticky":false,"template":"","format":"standard","meta":{"footnotes":""},"categories":[32],"tags":[],"class_list":["post-907","post","type-post","status-publish","format-standard","has-post-thumbnail","hentry","category-kommunikation"],"_links":{"self":[{"href":"https:\/\/www.oceanblogs.org\/oceannavigator\/wp-json\/wp\/v2\/posts\/907","targetHints":{"allow":["GET"]}}],"collection":[{"href":"https:\/\/www.oceanblogs.org\/oceannavigator\/wp-json\/wp\/v2\/posts"}],"about":[{"href":"https:\/\/www.oceanblogs.org\/oceannavigator\/wp-json\/wp\/v2\/types\/post"}],"author":[{"embeddable":true,"href":"https:\/\/www.oceanblogs.org\/oceannavigator\/wp-json\/wp\/v2\/users\/4"}],"replies":[{"embeddable":true,"href":"https:\/\/www.oceanblogs.org\/oceannavigator\/wp-json\/wp\/v2\/comments?post=907"}],"version-history":[{"count":6,"href":"https:\/\/www.oceanblogs.org\/oceannavigator\/wp-json\/wp\/v2\/posts\/907\/revisions"}],"predecessor-version":[{"id":1697,"href":"https:\/\/www.oceanblogs.org\/oceannavigator\/wp-json\/wp\/v2\/posts\/907\/revisions\/1697"}],"wp:featuredmedia":[{"embeddable":true,"href":"https:\/\/www.oceanblogs.org\/oceannavigator\/wp-json\/wp\/v2\/media\/913"}],"wp:attachment":[{"href":"https:\/\/www.oceanblogs.org\/oceannavigator\/wp-json\/wp\/v2\/media?parent=907"}],"wp:term":[{"taxonomy":"category","embeddable":true,"href":"https:\/\/www.oceanblogs.org\/oceannavigator\/wp-json\/wp\/v2\/categories?post=907"},{"taxonomy":"post_tag","embeddable":true,"href":"https:\/\/www.oceanblogs.org\/oceannavigator\/wp-json\/wp\/v2\/tags?post=907"}],"curies":[{"name":"wp","href":"https:\/\/api.w.org\/{rel}","templated":true}]}}