{"id":4406,"date":"2020-07-26T12:49:01","date_gmt":"2020-07-26T10:49:01","guid":{"rendered":"http:\/\/www.oceanblogs.org\/oceannavigator\/?p=4406"},"modified":"2020-07-26T12:49:02","modified_gmt":"2020-07-26T10:49:02","slug":"pandemie-quallen-saison","status":"publish","type":"post","link":"https:\/\/www.oceanblogs.org\/oceannavigator\/2020\/07\/26\/pandemie-quallen-saison\/","title":{"rendered":"Pandemie? Quallen-Saison!"},"content":{"rendered":"\n<p> Es gibt Dinge, die \u00e4ndern sich nicht. Auch nicht in Pandemie-Zeiten. Dazu geh\u00f6rt die typische, sommerliche Medien-Anfrage an ein Meeresforschungs-Zentrum: &#8220;Gibt es eine Quallenplage?&#8221;. Klar, viele Menschen m\u00f6chten im Sommer an den Strand &#8211; m\u00f6glichst an einen Strand ohne Quallen. Denn die Glibber-Tiere sind irgendwie ekelig. Sonst h\u00e4tten Kinder wohl nicht so viel Spa\u00df daran, ahnungslose Erwachsene mit ihnen zu bewerfen \ud83d\ude42<\/p>\n\n\n\n<p>Aber Spa\u00df beseite: Immerhin gibt es Quallen, die sich mit feurigem Nesselgift revanchieren, wenn ein Mensch im Wasser dr\u00e4ngelt. Das kann f\u00fcr Letzteren schon mal unangenehm werden.<\/p>\n\n\n\n<p>Es gibt also ein verst\u00e4ndliches Interesse von Urlauberinnen und Urlaubern, \u00fcber die aktuelle Quallenlage informiert zu sein. Deshalb sind Quallen nat\u00fcrlich ein Thema f\u00fcr die Medien. Es gab schon Jahre, in denen wir anhand der anfragenden Regionalsender und -Zeitungen sagen konnten, in welchen Bundesl\u00e4ndern gerade die Ferien begonnen haben.<\/p>\n\n\n\n<p>Dabei gibt es aber ein Problem: Die aktuelle Quallenlage kann sich von einer Ostseebucht zur n\u00e4chsten stark unterscheiden. Wind und Str\u00f6mungen treiben manchmal alle Quallen einer Region an einer Stelle zusammen, so dass dort scheinbar eine &#8220;Plage&#8221; auftritt. Gleichzeitig scheinen die Quallen an allen anderen K\u00fcstenabschnitten vom Aussterben bedroht zu sein. Sobald der Wind dreht, ist alles wieder anders.<\/p>\n\n\n\n<p>Unabh\u00e4ngig davon scheint 2020 wirklich ein gutes Jahr f\u00fcr Quallen in der Ostsee zu sein. Warum, erkl\u00e4rt am besten eine Expertin wie Dr. Cornelia Jaspers, zum Beispiel hier:<\/p>\n\n\n\n<p><a href=\"https:\/\/www.tagesspiegel.de\/wissen\/ungenutzt-und-unerforscht-die-qualle-das-unbekannte-nutztier\/26026888.html\" target=\"_blank\" rel=\"noreferrer noopener\">https:\/\/www.tagesspiegel.de\/wissen\/ungenutzt-und-unerforscht-die-qualle-das-unbekannte-nutztier\/26026888.html<\/a><\/p>\n\n\n\n<p>hier<\/p>\n\n\n\n<p><a href=\"https:\/\/www.spiegel.de\/wissenschaft\/natur\/ostsee-forscher-beobachten-im-fruehsommer-mehr-quallen-im-meer-a-211bd25a-7ea9-4f1f-bcbb-659b7ba6f8cb\" target=\"_blank\" rel=\"noreferrer noopener\">https:\/\/www.spiegel.de\/wissenschaft\/natur\/ostsee-forscher-beobachten-im-fruehsommer-mehr-quallen-im-meer-a-211bd25a-7ea9-4f1f-bcbb-659b7ba6f8cb<\/a><\/p>\n\n\n\n<p>oder hier.<\/p>\n\n\n\n<p><a href=\"https:\/\/www.tagesschau.de\/inland\/quallen-ostsee-sommer-101.html\" target=\"_blank\" rel=\"noreferrer noopener\">https:\/\/www.tagesschau.de\/inland\/quallen-ostsee-sommer-101.html<\/a><\/p>\n\n\n\n<figure class=\"wp-block-image size-large\"><img loading=\"lazy\" decoding=\"async\" width=\"1020\" height=\"620\" src=\"https:\/\/www.oceanblogs.org\/oceannavigator\/wp-content\/uploads\/sites\/2\/2020\/07\/Screenshot-Tagesschau.jpg\" alt=\"Screenshot vom verlinkten Artikel auf tagesschau.de\" class=\"wp-image-4417\" srcset=\"https:\/\/www.oceanblogs.org\/oceannavigator\/wp-content\/uploads\/sites\/2\/2020\/07\/Screenshot-Tagesschau.jpg 1020w, https:\/\/www.oceanblogs.org\/oceannavigator\/wp-content\/uploads\/sites\/2\/2020\/07\/Screenshot-Tagesschau-484x294.jpg 484w, https:\/\/www.oceanblogs.org\/oceannavigator\/wp-content\/uploads\/sites\/2\/2020\/07\/Screenshot-Tagesschau-768x467.jpg 768w\" sizes=\"auto, (max-width: 1020px) 100vw, 1020px\" \/><\/figure>\n\n\n\n<p>Gut, vielleicht machen Quallen uns Menschen in diesem Jahr das k\u00fchlende Nass in der Ostsee etwas intensiver streitig als sonst. Aber es sind &#8211; aus etwas Distanz betrachtet &#8211; auch sehr sch\u00f6ne, elegant dahinschwebende Wesen. Sie haben fasziniernde F\u00e4higkeiten. Und sie geh\u00f6ren seit mehr als 500 Millionen Jahren zu den \u00d6kosystemen der Meere und Ozeane dazu. Grund genug, sie genauer zu erforschen. Tats\u00e4chlich sind noch viele Fragen offen. Zum Beispiel, welche Position einzelne Arten im Nahrungsnetz der Meere einnehmen. Auch die Frage, ob Quallen wirklich die Weltherrschaft (oder zumindest die Ozeanherrschaft) \u00fcbernehmen, wie immer wieder gemeldet wird, ist noch nicht gekl\u00e4rt. Welche Fragen noch offen sind und warum es faszinierend ist, Quallen zu erforschen, hat auch Cornelia Jaspers Kollegin Ina Stoltenberg in diesem Fr\u00fchjahr und Sommer schon mehrmals erkl\u00e4rt, zum Beispiel hier:<\/p>\n\n\n\n<p><a rel=\"noreferrer noopener\" href=\"https:\/\/www.ndr.de\/nachrichten\/schleswig-holstein\/Quallen-in-der-Ostsee-Warum-treten-sie-in-Massen-auf,quallen202.html\" target=\"_blank\">https:\/\/www.ndr.de\/nachrichten\/schleswig-holstein\/Quallen-in-der-Ostsee-Warum-treten-sie-in-Massen-auf,quallen202.html<\/a><\/p>\n\n\n\n<p>oder hier:<\/p>\n\n\n\n<p><a href=\"https:\/\/www.spektrum.de\/news\/die-durchsichtigen-ohrenquallen-sind-ungefaehrlich\/1753618\" target=\"_blank\" rel=\"noreferrer noopener\">https:\/\/www.spektrum.de\/news\/die-durchsichtigen-ohrenquallen-sind-ungefaehrlich\/1753618<\/a><\/p>\n\n\n\n<figure class=\"wp-block-image size-large\"><img loading=\"lazy\" decoding=\"async\" width=\"812\" height=\"584\" src=\"https:\/\/www.oceanblogs.org\/oceannavigator\/wp-content\/uploads\/sites\/2\/2020\/07\/Screenshot_Spektrum.jpg\" alt=\"Screenshot vom verlinkten Artikel auf spektrum.de\" class=\"wp-image-4413\" srcset=\"https:\/\/www.oceanblogs.org\/oceannavigator\/wp-content\/uploads\/sites\/2\/2020\/07\/Screenshot_Spektrum.jpg 812w, https:\/\/www.oceanblogs.org\/oceannavigator\/wp-content\/uploads\/sites\/2\/2020\/07\/Screenshot_Spektrum-484x348.jpg 484w, https:\/\/www.oceanblogs.org\/oceannavigator\/wp-content\/uploads\/sites\/2\/2020\/07\/Screenshot_Spektrum-768x552.jpg 768w\" sizes=\"auto, (max-width: 812px) 100vw, 812px\" \/><\/figure>\n\n\n\n<p>Deshalb mein Tipp: Lesen, und anschauen. Dann sieht man die Quallen am Strand vielleicht mit etwas anderen Augen.<\/p>\n\n\n\n<p>Sch\u00f6nen Sommer weiterhin<\/p>\n\n\n\n<p> w\u00fcnscht<\/p>\n\n\n\n<p>Jan Steffen<\/p>\n","protected":false},"excerpt":{"rendered":"<p>Es gibt Dinge, die \u00e4ndern sich nicht. Auch nicht in Pandemie-Zeiten. Dazu geh\u00f6rt die typische, sommerliche Medien-Anfrage an ein Meeresforschungs-Zentrum: &#8220;Gibt es eine Quallenplage?&#8221;. Klar, viele Menschen m\u00f6chten im Sommer an den Strand &#8211; m\u00f6glichst an einen Strand ohne Quallen. Denn die Glibber-Tiere sind irgendwie ekelig. Sonst h\u00e4tten Kinder wohl nicht so viel Spa\u00df daran, [&hellip;]<\/p>\n","protected":false},"author":4,"featured_media":4412,"comment_status":"open","ping_status":"open","sticky":false,"template":"","format":"standard","meta":{"footnotes":""},"categories":[32],"tags":[],"class_list":["post-4406","post","type-post","status-publish","format-standard","has-post-thumbnail","hentry","category-kommunikation"],"_links":{"self":[{"href":"https:\/\/www.oceanblogs.org\/oceannavigator\/wp-json\/wp\/v2\/posts\/4406","targetHints":{"allow":["GET"]}}],"collection":[{"href":"https:\/\/www.oceanblogs.org\/oceannavigator\/wp-json\/wp\/v2\/posts"}],"about":[{"href":"https:\/\/www.oceanblogs.org\/oceannavigator\/wp-json\/wp\/v2\/types\/post"}],"author":[{"embeddable":true,"href":"https:\/\/www.oceanblogs.org\/oceannavigator\/wp-json\/wp\/v2\/users\/4"}],"replies":[{"embeddable":true,"href":"https:\/\/www.oceanblogs.org\/oceannavigator\/wp-json\/wp\/v2\/comments?post=4406"}],"version-history":[{"count":13,"href":"https:\/\/www.oceanblogs.org\/oceannavigator\/wp-json\/wp\/v2\/posts\/4406\/revisions"}],"predecessor-version":[{"id":4423,"href":"https:\/\/www.oceanblogs.org\/oceannavigator\/wp-json\/wp\/v2\/posts\/4406\/revisions\/4423"}],"wp:featuredmedia":[{"embeddable":true,"href":"https:\/\/www.oceanblogs.org\/oceannavigator\/wp-json\/wp\/v2\/media\/4412"}],"wp:attachment":[{"href":"https:\/\/www.oceanblogs.org\/oceannavigator\/wp-json\/wp\/v2\/media?parent=4406"}],"wp:term":[{"taxonomy":"category","embeddable":true,"href":"https:\/\/www.oceanblogs.org\/oceannavigator\/wp-json\/wp\/v2\/categories?post=4406"},{"taxonomy":"post_tag","embeddable":true,"href":"https:\/\/www.oceanblogs.org\/oceannavigator\/wp-json\/wp\/v2\/tags?post=4406"}],"curies":[{"name":"wp","href":"https:\/\/api.w.org\/{rel}","templated":true}]}}