{"id":4272,"date":"2019-10-02T12:30:39","date_gmt":"2019-10-02T10:30:39","guid":{"rendered":"http:\/\/www.oceanblogs.org\/oceannavigator\/?p=4272"},"modified":"2019-10-02T13:50:27","modified_gmt":"2019-10-02T11:50:27","slug":"der-tag-der-deutschen-einheit-kommt-zur-meereswissenschaft-nach-kiel","status":"publish","type":"post","link":"https:\/\/www.oceanblogs.org\/oceannavigator\/2019\/10\/02\/der-tag-der-deutschen-einheit-kommt-zur-meereswissenschaft-nach-kiel\/","title":{"rendered":"Der Tag der deutschen Einheit kommt zur Meereswissenschaft nach Kiel"},"content":{"rendered":"\n<p>Und schon steht dem GEOMAR das n\u00e4chste gro\u00dfe Ereignis bevor. Am 2. und 3. Oktober finden die allj\u00e4hrlichen Feierlichkeiten zum Tag der deutschen Einheit in diesem Jahr in Kiel statt. In den vergangenen Jahren waren Wissenschaftlerinnen und Wissenschaftler f\u00fcr euch deutschlandweit unterwegs, um die Meeresforschung aus Schleswig-Holstein zum Tag der Einheitsfeier in andere Bundesl\u00e4nder zu bringen. In diesem Jahr kommt der Tag der deutschen Einheit vor unsere Haust\u00fcr nach Kiel. Aus diesem Grund haben wir in unserem gro\u00dfen eigenen Ausstellungszelt an der Kiellinie beim Aquarium viele spannende Dinge f\u00fcr euch vorbereitet und noch ein oder zwei weitere interessante Programmpunkte parat!<\/p>\n\n\n\n<figure class=\"wp-block-image\"><img loading=\"lazy\" decoding=\"async\" width=\"1024\" height=\"683\" src=\"http:\/\/www.oceanblogs.org\/oceannavigator\/wp-content\/uploads\/sites\/2\/2019\/10\/2019-09-30-183218_TddE2019_Jan-Steffen_GEOMAR_1200px-1024x683.jpg\" alt=\"Unser Ausstellungszelt an der Kiellinie. Foto: Jan Steffen\/GEOMAR\" class=\"wp-image-4274\" srcset=\"https:\/\/www.oceanblogs.org\/oceannavigator\/wp-content\/uploads\/sites\/2\/2019\/10\/2019-09-30-183218_TddE2019_Jan-Steffen_GEOMAR_1200px-1024x683.jpg 1024w, https:\/\/www.oceanblogs.org\/oceannavigator\/wp-content\/uploads\/sites\/2\/2019\/10\/2019-09-30-183218_TddE2019_Jan-Steffen_GEOMAR_1200px-484x323.jpg 484w, https:\/\/www.oceanblogs.org\/oceannavigator\/wp-content\/uploads\/sites\/2\/2019\/10\/2019-09-30-183218_TddE2019_Jan-Steffen_GEOMAR_1200px-768x512.jpg 768w, https:\/\/www.oceanblogs.org\/oceannavigator\/wp-content\/uploads\/sites\/2\/2019\/10\/2019-09-30-183218_TddE2019_Jan-Steffen_GEOMAR_1200px.jpg 1200w\" sizes=\"auto, (max-width: 1024px) 100vw, 1024px\" \/><figcaption>Unser Ausstellungszelt an der Kiellinie. Foto: Jan Steffen\/GEOMAR<\/figcaption><\/figure>\n\n\n\n<p>Zusammen mit weiteren schleswig-holsteinischen Forschungseinrichtungen, dem Kieler Exzellenzcluster \u201eOzean der Zukunft\u201c und dem Helmholtz-Zentrum Geesthacht Zentrum f\u00fcr Material- und K\u00fcstenforschung, wollen Forscherinnen und Forscher vom GEOMAR Besucherinnen und Besuchern aus Kiel, Schleswig-Holstein und ganz Deutschland einen Tag mit vielen Eindr\u00fccken und viel neuem Wissen bereiten. <\/p>\n\n\n\n<figure class=\"wp-block-image\"><img loading=\"lazy\" decoding=\"async\" width=\"1024\" height=\"683\" src=\"http:\/\/www.oceanblogs.org\/oceannavigator\/wp-content\/uploads\/sites\/2\/2019\/10\/2019-09-30-183050_TddE2019_Jan-Steffen_GEOMAR_1200px-1024x683.jpg\" alt=\"Foto: Jan Steffen\/GEOMAR\" class=\"wp-image-4276\" srcset=\"https:\/\/www.oceanblogs.org\/oceannavigator\/wp-content\/uploads\/sites\/2\/2019\/10\/2019-09-30-183050_TddE2019_Jan-Steffen_GEOMAR_1200px-1024x683.jpg 1024w, https:\/\/www.oceanblogs.org\/oceannavigator\/wp-content\/uploads\/sites\/2\/2019\/10\/2019-09-30-183050_TddE2019_Jan-Steffen_GEOMAR_1200px-484x323.jpg 484w, https:\/\/www.oceanblogs.org\/oceannavigator\/wp-content\/uploads\/sites\/2\/2019\/10\/2019-09-30-183050_TddE2019_Jan-Steffen_GEOMAR_1200px-768x512.jpg 768w, https:\/\/www.oceanblogs.org\/oceannavigator\/wp-content\/uploads\/sites\/2\/2019\/10\/2019-09-30-183050_TddE2019_Jan-Steffen_GEOMAR_1200px.jpg 1200w\" sizes=\"auto, (max-width: 1024px) 100vw, 1024px\" \/><figcaption>Foto: Jan Steffen\/GEOMAR<\/figcaption><\/figure>\n\n\n\n<p>Wer den Besuch w\u00e4hrend der Kieler Woche bei uns verpasst und es auch nicht zum Tag der offenen T\u00fcr geschafft hat, f\u00fcr den ist das nun DIE M\u00f6glichkeit Meeresforschung hautnah zu erleben. F\u00fcr alle anderen lohnt sich ein weiterer Besuch bei uns auf der Institutswiese an der Kiellinie trotzdem, denn in unserem Ausstellungszelt gibt es immer etwas Neues zu entdecken. <\/p>\n\n\n\n<p>Am 3. Oktober haben alle Besucherinnen und Besucher dann noch die M\u00f6glichkeit auf dem Forschungsschiff ALKOR beim Open Ship die kleinsten Meeresbewohner unter dem Mikroskop zu entdecken und weitere Tiere der Ozeane zu bestaunen.<\/p>\n\n\n\n<figure class=\"wp-block-image\"><img loading=\"lazy\" decoding=\"async\" width=\"900\" height=\"600\" src=\"http:\/\/www.oceanblogs.org\/oceannavigator\/wp-content\/uploads\/sites\/2\/2019\/10\/2019-08-18_1507_TdoT2019_Jan_Steffen_GEOMAR_original_bed852492e.jpg\" alt=\"Open Ship auf der FS FALKOR. Foto: Jan Steffen\/GEOMAR\" class=\"wp-image-4277\" srcset=\"https:\/\/www.oceanblogs.org\/oceannavigator\/wp-content\/uploads\/sites\/2\/2019\/10\/2019-08-18_1507_TdoT2019_Jan_Steffen_GEOMAR_original_bed852492e.jpg 900w, https:\/\/www.oceanblogs.org\/oceannavigator\/wp-content\/uploads\/sites\/2\/2019\/10\/2019-08-18_1507_TdoT2019_Jan_Steffen_GEOMAR_original_bed852492e-484x323.jpg 484w, https:\/\/www.oceanblogs.org\/oceannavigator\/wp-content\/uploads\/sites\/2\/2019\/10\/2019-08-18_1507_TdoT2019_Jan_Steffen_GEOMAR_original_bed852492e-768x512.jpg 768w\" sizes=\"auto, (max-width: 900px) 100vw, 900px\" \/><figcaption>Open Ship auf der FS ALKOR. Foto: Jan Steffen\/GEOMAR<\/figcaption><\/figure>\n\n\n\n<p>Wenn ihr durch unsere bunte Welt der Meereswissenschaft getaucht seid, k\u00f6nnt ihr direkt nebenan auf der Institutswiese beim Ocean.Dome vorbeischauen. Hier k\u00f6nnen Besucherinnen und Besucher Filme an einer gigantischen aufblasbaren Kuppel in 360\u00b0-Ansicht erleben. Auf Liegest\u00fchle kann hier entweder zu den Buckelwalen nach Hawaii oder mit dem Tauchboot JAGO zu Kaltwasserkorallen getaucht werden. Und das Ganze auch noch kostenfrei. <\/p>\n\n\n\n<figure class=\"wp-block-image\"><img loading=\"lazy\" decoding=\"async\" width=\"683\" height=\"1024\" src=\"http:\/\/www.oceanblogs.org\/oceannavigator\/wp-content\/uploads\/sites\/2\/2019\/10\/2019-09-30-180947_TddE2019_Jan-Steffen_GEOMAR_1200px-683x1024.jpg\" alt=\"Wie im Planetarium: der Ocean.Dome auf der Institutswiese. Foto: Jan Steffen\/GEOMAR\" class=\"wp-image-4275\" srcset=\"https:\/\/www.oceanblogs.org\/oceannavigator\/wp-content\/uploads\/sites\/2\/2019\/10\/2019-09-30-180947_TddE2019_Jan-Steffen_GEOMAR_1200px-683x1024.jpg 683w, https:\/\/www.oceanblogs.org\/oceannavigator\/wp-content\/uploads\/sites\/2\/2019\/10\/2019-09-30-180947_TddE2019_Jan-Steffen_GEOMAR_1200px-233x350.jpg 233w, https:\/\/www.oceanblogs.org\/oceannavigator\/wp-content\/uploads\/sites\/2\/2019\/10\/2019-09-30-180947_TddE2019_Jan-Steffen_GEOMAR_1200px-768x1152.jpg 768w, https:\/\/www.oceanblogs.org\/oceannavigator\/wp-content\/uploads\/sites\/2\/2019\/10\/2019-09-30-180947_TddE2019_Jan-Steffen_GEOMAR_1200px.jpg 1200w\" sizes=\"auto, (max-width: 683px) 100vw, 683px\" \/><figcaption>Wie im Planetarium: der Ocean.Dome auf der Institutswiese. Foto: Jan Steffen\/GEOMAR<\/figcaption><\/figure>\n\n\n\n<p>Das Ausstellungszelt hat am 2. Und 3. Oktober von 11 bis 23 Uhr ge\u00f6ffnet.<\/p>\n\n\n\n<p><br> Open Ship auf der FS FAKLOR findet am 3. Oktober von 11 bis 17 Uhr statt.<\/p>\n\n\n\n<p><br> Das Programm des Ocean.Dome findet ihr hier: https:\/\/www.kiel-sailing-city.de\/veranstaltungen\/innenstadt-events\/oceandome.html<\/p>\n\n\n\n<p>Wir freuen uns auf euren Besuch!<\/p>\n\n\n\n<p><\/p>\n","protected":false},"excerpt":{"rendered":"<p>Und schon steht dem GEOMAR das n\u00e4chste gro\u00dfe Ereignis bevor. Am 2. und 3. Oktober finden die allj\u00e4hrlichen Feierlichkeiten zum Tag der deutschen Einheit in diesem Jahr in Kiel statt. In den vergangenen Jahren waren Wissenschaftlerinnen und Wissenschaftler f\u00fcr euch deutschlandweit unterwegs, um die Meeresforschung aus Schleswig-Holstein zum Tag der Einheitsfeier in andere Bundesl\u00e4nder zu [&hellip;]<\/p>\n","protected":false},"author":92,"featured_media":4279,"comment_status":"open","ping_status":"open","sticky":false,"template":"","format":"standard","meta":{"footnotes":""},"categories":[32],"tags":[],"class_list":["post-4272","post","type-post","status-publish","format-standard","has-post-thumbnail","hentry","category-kommunikation"],"_links":{"self":[{"href":"https:\/\/www.oceanblogs.org\/oceannavigator\/wp-json\/wp\/v2\/posts\/4272","targetHints":{"allow":["GET"]}}],"collection":[{"href":"https:\/\/www.oceanblogs.org\/oceannavigator\/wp-json\/wp\/v2\/posts"}],"about":[{"href":"https:\/\/www.oceanblogs.org\/oceannavigator\/wp-json\/wp\/v2\/types\/post"}],"author":[{"embeddable":true,"href":"https:\/\/www.oceanblogs.org\/oceannavigator\/wp-json\/wp\/v2\/users\/92"}],"replies":[{"embeddable":true,"href":"https:\/\/www.oceanblogs.org\/oceannavigator\/wp-json\/wp\/v2\/comments?post=4272"}],"version-history":[{"count":3,"href":"https:\/\/www.oceanblogs.org\/oceannavigator\/wp-json\/wp\/v2\/posts\/4272\/revisions"}],"predecessor-version":[{"id":4280,"href":"https:\/\/www.oceanblogs.org\/oceannavigator\/wp-json\/wp\/v2\/posts\/4272\/revisions\/4280"}],"wp:featuredmedia":[{"embeddable":true,"href":"https:\/\/www.oceanblogs.org\/oceannavigator\/wp-json\/wp\/v2\/media\/4279"}],"wp:attachment":[{"href":"https:\/\/www.oceanblogs.org\/oceannavigator\/wp-json\/wp\/v2\/media?parent=4272"}],"wp:term":[{"taxonomy":"category","embeddable":true,"href":"https:\/\/www.oceanblogs.org\/oceannavigator\/wp-json\/wp\/v2\/categories?post=4272"},{"taxonomy":"post_tag","embeddable":true,"href":"https:\/\/www.oceanblogs.org\/oceannavigator\/wp-json\/wp\/v2\/tags?post=4272"}],"curies":[{"name":"wp","href":"https:\/\/api.w.org\/{rel}","templated":true}]}}