{"id":4217,"date":"2019-08-15T14:29:38","date_gmt":"2019-08-15T12:29:38","guid":{"rendered":"http:\/\/www.oceanblogs.org\/oceannavigator\/?p=4217"},"modified":"2019-08-15T14:29:40","modified_gmt":"2019-08-15T12:29:40","slug":"seehundtaufe-seesterne-und-sedimentkerne-am-schwentinekai-tag-der-offenen-tur-im-geomar","status":"publish","type":"post","link":"https:\/\/www.oceanblogs.org\/oceannavigator\/2019\/08\/15\/seehundtaufe-seesterne-und-sedimentkerne-am-schwentinekai-tag-der-offenen-tur-im-geomar\/","title":{"rendered":"Seehundtaufe, Seesterne und Sedimentkerne am Schwentinekai &#8211; Tag der offenen T\u00fcr im GEOMAR"},"content":{"rendered":"\n<p>Alle zwei Jahre \u00f6ffnet das GEOMAR f\u00fcr alle interessierten Menschen seine Tore. Unter dem Motto \u201eMeeresforschung live erleben\u201c wird am Tag der offenen T\u00fcr viel geboten:  Mitmach-Aktionen, Vortr\u00e4ge, Open Ship auf dem Forschungsschiff ALKOR und und und. <br> In diesem Jahr haben Besucherinnen und Besucher die M\u00f6glichkeit am 18. August zwischen 11 und 17 Uhr real und virtuell viele neue und vor allem interessante Dinge zu lernen und ganz neue Erfahrungen zu machen.<\/p>\n\n\n\n<p>Seid ihr schon mal zu einem Korallenriff getaucht? Nein? Dann ist das eure Gelegenheit! Mit einer VR-Brille ausgestattet habt ihr die M\u00f6glichkeit eine virtuelle Fahrt mit unserem Tauchboot JAGO zu erleben. Zusammen mit einer Forscherin und dem Piloten taucht ihr in die unber\u00fchrte Welt der Kaltwasserkorallen ab und hinterher braucht ihr euch nicht einmal die F\u00fc\u00dfe abzutrocknen.<\/p>\n\n\n\n<figure class=\"wp-block-image\"><img loading=\"lazy\" decoding=\"async\" width=\"800\" height=\"533\" src=\"http:\/\/www.oceanblogs.org\/oceannavigator\/wp-content\/uploads\/sites\/2\/2019\/08\/Fotowand.jpg\" alt=\"An unserer Fotowand k\u00f6nnt ihr euer Tauchabenteuer mit einem Bild festhalten. Foto: Jan Steffen\/GEOMAR\" class=\"wp-image-4227\" srcset=\"https:\/\/www.oceanblogs.org\/oceannavigator\/wp-content\/uploads\/sites\/2\/2019\/08\/Fotowand.jpg 800w, https:\/\/www.oceanblogs.org\/oceannavigator\/wp-content\/uploads\/sites\/2\/2019\/08\/Fotowand-484x322.jpg 484w, https:\/\/www.oceanblogs.org\/oceannavigator\/wp-content\/uploads\/sites\/2\/2019\/08\/Fotowand-768x512.jpg 768w\" sizes=\"auto, (max-width: 800px) 100vw, 800px\" \/><figcaption>An unserer Fotowand k\u00f6nnt ihr euer Tauchabenteuer mit einem Bild festhalten. Foto: Jan Steffen\/GEOMAR<\/figcaption><\/figure>\n\n\n\n<p><br>Wer mehr \u00fcber Bomben, Minen und Granaten, die noch immer verborgen in der Ostsee liegen, erfahren m\u00f6chte und interessiert an den neusten Erkenntnissen \u00fcber die Entwicklungen von Korallen im Klimawandel ist, sollte sich unsere Vortr\u00e4ge besser nicht entgehen lassen. Im H\u00f6rsaal des GEOMAR werden Wissenschaftlerinnen und Wissenschaftler mehr zu diesen und weiteren spannenden Themen erz\u00e4hlen und die Besucher mit ihren Erkenntnissen in den Bann ziehen.<\/p>\n\n\n\n<p>Abwechslungsreiche Ausstellungen, bei denen Sedimentkernen und ferngesteuerte Tauchroboter gezeigt werden oder Geologinnen und Geologen die Geschichte von Gesteinen an unserem K\u00fcsten erkl\u00e4ren, bieten den Besuchern viele unterschiedliche Eindr\u00fccke. So sollte an diesem Tag f\u00fcr jeden etwas dabei sein. <\/p>\n\n\n\n<figure class=\"wp-block-image\"><img loading=\"lazy\" decoding=\"async\" width=\"1024\" height=\"683\" src=\"http:\/\/www.oceanblogs.org\/oceannavigator\/wp-content\/uploads\/sites\/2\/2019\/08\/2017-07-16_TagderoffenenTuer17_084_JanSteffen-GEOMAR_original-1024x683.jpg\" alt=\"Unsere Mitarbeiterinnen und Mitarbeiter versuchen auf jede Frage eine Antwort zu haben. Foto: Jan Steffen\/GEOMAR\" class=\"wp-image-4221\" srcset=\"https:\/\/www.oceanblogs.org\/oceannavigator\/wp-content\/uploads\/sites\/2\/2019\/08\/2017-07-16_TagderoffenenTuer17_084_JanSteffen-GEOMAR_original-1024x683.jpg 1024w, https:\/\/www.oceanblogs.org\/oceannavigator\/wp-content\/uploads\/sites\/2\/2019\/08\/2017-07-16_TagderoffenenTuer17_084_JanSteffen-GEOMAR_original-484x323.jpg 484w, https:\/\/www.oceanblogs.org\/oceannavigator\/wp-content\/uploads\/sites\/2\/2019\/08\/2017-07-16_TagderoffenenTuer17_084_JanSteffen-GEOMAR_original-768x512.jpg 768w\" sizes=\"auto, (max-width: 1024px) 100vw, 1024px\" \/><figcaption>Unsere Mitarbeiterinnen und Mitarbeiter versuchen auf jede Frage eine Antwort zu haben. Foto: Jan Steffen\/GEOMAR<\/figcaption><\/figure>\n\n\n\n<p style=\"text-align:left\"><br> Auch unsere Nachwuchsforscherinnen und -forscher d\u00fcrfen nat\u00fcrlich nicht fehlen. In diesem Jahr haben sie faszinierende Projekte wie \u201e\u2026wenn Muscheln kuscheln und auf Pocken hocken\u2026\u201c oder \u201eLeere Meere \u2013Das Fischereispiel\u201c f\u00fcr die Besucher mitgebracht. <\/p>\n\n\n\n<p>Alle kleinen Besucher (und nat\u00fcrlich alle gro\u00dfen, die mutig genug sind) d\u00fcrfen dann Seesternen, Seenadeln oder Krabben auf unserem Forschungsschiff, der ALKOR, ganz nah kommen. Die ALKOR wird am kommenden Sonntag direkt am Schwentinekai liegen und obendrein einige der kleinsten Meeresbewohner zu Gast haben. Diese k\u00f6nnen dann ganz gro\u00df unterm Mikroskop betrachtet werden.<\/p>\n\n\n\n<figure class=\"wp-block-image\"><img loading=\"lazy\" decoding=\"async\" width=\"1024\" height=\"683\" src=\"http:\/\/www.oceanblogs.org\/oceannavigator\/wp-content\/uploads\/sites\/2\/2019\/08\/2014-07-15_FS-ALKOR-002_JSteffen-GEOMAR_original-1024x683.jpg\" alt=\"Foto: Jan Steffen\/GEOMAR\" class=\"wp-image-4219\" srcset=\"https:\/\/www.oceanblogs.org\/oceannavigator\/wp-content\/uploads\/sites\/2\/2019\/08\/2014-07-15_FS-ALKOR-002_JSteffen-GEOMAR_original-1024x683.jpg 1024w, https:\/\/www.oceanblogs.org\/oceannavigator\/wp-content\/uploads\/sites\/2\/2019\/08\/2014-07-15_FS-ALKOR-002_JSteffen-GEOMAR_original-484x323.jpg 484w, https:\/\/www.oceanblogs.org\/oceannavigator\/wp-content\/uploads\/sites\/2\/2019\/08\/2014-07-15_FS-ALKOR-002_JSteffen-GEOMAR_original-768x512.jpg 768w\" sizes=\"auto, (max-width: 1024px) 100vw, 1024px\" \/><figcaption>Foto: Jan Steffen\/GEOMAR<\/figcaption><\/figure>\n\n\n\n<figure class=\"wp-block-image\"><img loading=\"lazy\" decoding=\"async\" width=\"800\" height=\"533\" src=\"http:\/\/www.oceanblogs.org\/oceannavigator\/wp-content\/uploads\/sites\/2\/2019\/08\/Seestern.jpg\" alt=\"Seestern, Krabben und Seenadel hautnah erleben. Foto: Jan Steffen\/GEOMAR\" class=\"wp-image-4224\" srcset=\"https:\/\/www.oceanblogs.org\/oceannavigator\/wp-content\/uploads\/sites\/2\/2019\/08\/Seestern.jpg 800w, https:\/\/www.oceanblogs.org\/oceannavigator\/wp-content\/uploads\/sites\/2\/2019\/08\/Seestern-484x322.jpg 484w, https:\/\/www.oceanblogs.org\/oceannavigator\/wp-content\/uploads\/sites\/2\/2019\/08\/Seestern-768x512.jpg 768w\" sizes=\"auto, (max-width: 800px) 100vw, 800px\" \/><figcaption>Seestern, Krabben und Seenadel hautnah erleben. Foto: Jan Steffen\/GEOMAR<\/figcaption><\/figure>\n\n\n\n<p>Einer unserer H\u00f6hepunkte wird die Taufe unseres flauschigen Seehunds sein, der uns auf viele Reisen zu Ausstellungen begleitet (keine Angst, wir werden ihm keine Sektflasche hinterwerfen!). Wer uns schon auf der Kieler Woche oder bei anderen Veranstaltungen besucht hat, wird unseren Freund bestimmt schon einmal entdeckt oder sogar gestreichelt haben. Er hilft uns immer ganz flei\u00dfig dabei, Besucher auf Themen, wie beispielsweise die Verschmutzung der Meere durch Plastik, aufmerksam zu machen. Nun soll er endlich auch einen Namen bekommen! Alle jungen Besucher d\u00fcrfen sich aus 10 Vorschl\u00e4gen ihren liebsten Namen aussuchen und abstimmen. Dann haben sie sogar noch die M\u00f6glichkeit dabei ein spannendes H\u00f6rspiel zu gewinnen.<\/p>\n\n\n\n<p>Bei allen, auch bei denen, die kein H\u00f6rspiel mit nach Hause nehmen, hoffen wir, dass der Tag der offenen T\u00fcr zu einem unvergesslichen Erlebnis wird und alle Besucher den Weg mit ganz viel neuem Wissen nach Hause finden. <\/p>\n\n\n\n<div class=\"wp-block-image\"><figure class=\"aligncenter is-resized\"><img loading=\"lazy\" decoding=\"async\" src=\"http:\/\/www.oceanblogs.org\/oceannavigator\/wp-content\/uploads\/sites\/2\/2019\/08\/2019-06-25_KiWo19_JillKoenig11-577x1024.jpeg\" alt=\"Welchen Namen unser flauschiger Freund wohl bekommen wird? Foto: Jill Koenig\/GEOMAR\" class=\"wp-image-4222\" width=\"299\" height=\"530\" srcset=\"https:\/\/www.oceanblogs.org\/oceannavigator\/wp-content\/uploads\/sites\/2\/2019\/08\/2019-06-25_KiWo19_JillKoenig11-577x1024.jpeg 577w, https:\/\/www.oceanblogs.org\/oceannavigator\/wp-content\/uploads\/sites\/2\/2019\/08\/2019-06-25_KiWo19_JillKoenig11-197x350.jpeg 197w, https:\/\/www.oceanblogs.org\/oceannavigator\/wp-content\/uploads\/sites\/2\/2019\/08\/2019-06-25_KiWo19_JillKoenig11-768x1364.jpeg 768w, https:\/\/www.oceanblogs.org\/oceannavigator\/wp-content\/uploads\/sites\/2\/2019\/08\/2019-06-25_KiWo19_JillKoenig11.jpeg 901w\" sizes=\"auto, (max-width: 299px) 100vw, 299px\" \/><figcaption>Welchen Namen unser flauschiger Freund wohl bekommen wird? Foto: Jill Koenig\/GEOMAR<\/figcaption><\/figure><\/div>\n\n\n\n<p>Die Veranstaltung findet im Rahmen des Aktionstages \u201eDas Ostufer macht mobil\u201c in Kiel-Wellingdorf statt. Achtet bitte auf die besondere Besucherf\u00fchrung, denn auf unserem Gel\u00e4nde sind zurzeit Bauarbeiten und wir wollen nicht, dass ihr euch auf dem Weg zu uns verlauft. Folgt einfach den Hinweisschildern!<br> Und noch einer kleiner Hinweis: Da die Veranstaltung gro\u00dfr\u00e4umig abgesperrt wird, solltet ihr das Auto am besten zu Hause lassen und mit den \u00f6ffentlichen Verkehrsmitteln anreisen. Oder ihr fahrt bei sch\u00f6nem Wetter einfach mit dem Fahrrad (bei schlechtem Wetter geht das nat\u00fcrlich auch, vergesst dann nur nicht eure Regenjacke!).<\/p>\n\n\n\n<p>Weitere Informationen und unser gesamtes, buntes Programm findet ihr unter folgendem Link:<br> https:\/\/www.geomar.de\/service\/veranstaltungen\/einzelansicht\/article\/18082019-meeresforschung-live-erleben\/<\/p>\n\n\n\n<p>Wir freuen uns auf alle, die uns am Sonntag besuchen kommen!<\/p>\n\n\n\n<p>Bis dahin,<br>Eure Annika<\/p>\n","protected":false},"excerpt":{"rendered":"<p>Alle zwei Jahre \u00f6ffnet das GEOMAR f\u00fcr alle interessierten Menschen seine Tore. Unter dem Motto \u201eMeeresforschung live erleben\u201c wird am Tag der offenen T\u00fcr viel geboten: Mitmach-Aktionen, Vortr\u00e4ge, Open Ship auf dem Forschungsschiff ALKOR und und und. In diesem Jahr haben Besucherinnen und Besucher die M\u00f6glichkeit am 18. August zwischen 11 und 17 Uhr real [&hellip;]<\/p>\n","protected":false},"author":92,"featured_media":4225,"comment_status":"open","ping_status":"open","sticky":false,"template":"","format":"standard","meta":{"footnotes":""},"categories":[32],"tags":[],"class_list":["post-4217","post","type-post","status-publish","format-standard","has-post-thumbnail","hentry","category-kommunikation"],"_links":{"self":[{"href":"https:\/\/www.oceanblogs.org\/oceannavigator\/wp-json\/wp\/v2\/posts\/4217","targetHints":{"allow":["GET"]}}],"collection":[{"href":"https:\/\/www.oceanblogs.org\/oceannavigator\/wp-json\/wp\/v2\/posts"}],"about":[{"href":"https:\/\/www.oceanblogs.org\/oceannavigator\/wp-json\/wp\/v2\/types\/post"}],"author":[{"embeddable":true,"href":"https:\/\/www.oceanblogs.org\/oceannavigator\/wp-json\/wp\/v2\/users\/92"}],"replies":[{"embeddable":true,"href":"https:\/\/www.oceanblogs.org\/oceannavigator\/wp-json\/wp\/v2\/comments?post=4217"}],"version-history":[{"count":5,"href":"https:\/\/www.oceanblogs.org\/oceannavigator\/wp-json\/wp\/v2\/posts\/4217\/revisions"}],"predecessor-version":[{"id":4231,"href":"https:\/\/www.oceanblogs.org\/oceannavigator\/wp-json\/wp\/v2\/posts\/4217\/revisions\/4231"}],"wp:featuredmedia":[{"embeddable":true,"href":"https:\/\/www.oceanblogs.org\/oceannavigator\/wp-json\/wp\/v2\/media\/4225"}],"wp:attachment":[{"href":"https:\/\/www.oceanblogs.org\/oceannavigator\/wp-json\/wp\/v2\/media?parent=4217"}],"wp:term":[{"taxonomy":"category","embeddable":true,"href":"https:\/\/www.oceanblogs.org\/oceannavigator\/wp-json\/wp\/v2\/categories?post=4217"},{"taxonomy":"post_tag","embeddable":true,"href":"https:\/\/www.oceanblogs.org\/oceannavigator\/wp-json\/wp\/v2\/tags?post=4217"}],"curies":[{"name":"wp","href":"https:\/\/api.w.org\/{rel}","templated":true}]}}