{"id":4200,"date":"2019-06-29T09:06:56","date_gmt":"2019-06-29T07:06:56","guid":{"rendered":"http:\/\/www.oceanblogs.org\/oceannavigator\/?p=4200"},"modified":"2019-06-28T20:07:18","modified_gmt":"2019-06-28T18:07:18","slug":"geschichtsstunde","status":"publish","type":"post","link":"https:\/\/www.oceanblogs.org\/oceannavigator\/2019\/06\/29\/geschichtsstunde\/","title":{"rendered":"Geschichtsstunde"},"content":{"rendered":"\n<p>Wer es noch nicht\nmitbekommen hat (obwohl es schon ziemlich schwierig gewesen w\u00e4re, es nicht\nmitzubekommen): In diesem Jahr findet die Kieler Woche zum 125. Mal statt. Die\nerste Regatta, aus der sich wenig sp\u00e4ter die Kieler Woche entwickeln sollte,\nfand 1882 statt. Nicht nur die Mathe-Genies unter euch werden merken, dass da\nmehr als 125 Jahre zwischen liegen. Denn weil wir zwischendurch so dumm waren,\nzwei Weltkriege zu f\u00fchren \u2013 die diese Woche in Suchsdorf entsch\u00e4rfte Bombe\nl\u00e4sst gr\u00fc\u00dfen \u2013, fand die Kieler Woche nicht in jedem Jahr seit ihrer Begr\u00fcndung\nstatt. Daher begingen wir die 125. Kieler Woche nicht schon 2007, sondern haben\ndas Vergn\u00fcgen in diesem Jahr.<\/p>\n\n\n\n<p>Also, 137 Jahre\nKieler Woche-Geschichte entsprechen fast genau dem Alter der modernen Kieler Ozeanforschungs-Geschichte.\nDie startete Ende der 1850er mit dem Physiologen Victor Hensen und dem Zoologen\nKarl M\u00f6bius. Die beiden Wissenschaftler untersuchten den Lebensraum unserer\nKieler F\u00f6rde und pr\u00e4gten zwei f\u00fcr die Meereswissenschaften wesentliche\nBegriffe: Hensen verlieh dem Wort \u201ePlankton\u201c seine Bedeutung und M\u00f6bius tat\ndies f\u00fcr \u201eBioz\u00f6nose\u201c. Plankton ist das Lieblingsessen aller Blauwale und\nbezeichnet frei im Wasser treibende und schwebende Organismen, Bioz\u00f6nose ist\ndie Gemeinschaft der Organismen in einem (zum Beispiel maritimen) Lebensraum.<\/p>\n\n\n\n<p>Da die Menschen\nim und am Ende des 19. Jahrhunderts ohnehin gerade damit besch\u00e4ftigt sind,\ntausend neue Dinge zu erfinden und zu tun \u2013 ab ca. 1837 geht in Europa der\nerste vern\u00fcnftige Telegraph in Betrieb und 1866 sind die Telegraphennetze\nEuropas und Amerikas dann endlich miteinander verbunden \u2013 k\u00f6nnen sie \u00fcbrigens\nauch noch gleich alle drei Ozeane erforschen. 1872 bis 1876 f\u00e4hrt die HMS\nChallenger um die Welt und 1874 bis 1876 von Kiel aus die SMS Gazelle. Die\nbeiden Dampfkorvettes treffen sich sogar in S\u00fcdamerika und treten ihre\nR\u00fcckreise \u00fcber den Atlantik gemeinsam an.<\/p>\n\n\n\n<figure class=\"wp-block-image\"><img loading=\"lazy\" decoding=\"async\" width=\"900\" height=\"457\" src=\"https:\/\/www.oceanblogs.org\/oceannavigator\/wp-content\/uploads\/sites\/2\/2019\/06\/ReiserouteSMSGazelle_39e9ca049f.jpg\" alt=\"Die Reiseroute der Dampfkorvette &quot;Gazelle&quot; w\u00e4hrend ihrer Forschungsreise um die Welt 1874-1876. Aus: Die Forschungsreise S.M.S. GAZELLE in den Jahren 1874 bis 1876 unter Kommando des Kapit\u00e4n zur See Freiherrn von Schleinitz. II. Theil: Physik und Chemie. Hrsg. von dem Hydrographischen Amt der Admiralit\u00e4t, Berlin : Mittler, 1888.\" class=\"wp-image-4208\" srcset=\"https:\/\/www.oceanblogs.org\/oceannavigator\/wp-content\/uploads\/sites\/2\/2019\/06\/ReiserouteSMSGazelle_39e9ca049f.jpg 900w, https:\/\/www.oceanblogs.org\/oceannavigator\/wp-content\/uploads\/sites\/2\/2019\/06\/ReiserouteSMSGazelle_39e9ca049f-484x246.jpg 484w, https:\/\/www.oceanblogs.org\/oceannavigator\/wp-content\/uploads\/sites\/2\/2019\/06\/ReiserouteSMSGazelle_39e9ca049f-768x390.jpg 768w\" sizes=\"auto, (max-width: 900px) 100vw, 900px\" \/><figcaption> Die Reiseroute der Dampfkorvette &#8220;Gazelle&#8221; w\u00e4hrend ihrer Forschungsreise  um die Welt 1874-1876. Aus: Die Forschungsreise S.M.S. GAZELLE in den  Jahren 1874 bis 1876 unter Kommando des Kapit\u00e4n zur See Freiherrn von  Schleinitz. II. Theil: Physik und Chemie. Hrsg. von dem Hydrographischen  Amt der Admiralit\u00e4t, Berlin : Mittler, 1888.<\/figcaption><\/figure>\n\n\n\n<p>Zwei weitere,\ngrundlegende Expeditionen werden dann von Kiel, das quasi Dreh- und Angelpunkt\nmindestens der deutschen Meeresforschung werden soll, aus gestartet: Die\nPlankton-Expedition mit Hensen und dem Geographen Otto Kr\u00fcmmel 1889 und Tiefsee-Expedition\n1898 bis 1899 mit den Wissenschaftlern Carl Apstein und Ernst Vanhoeffen. Auf\ndiesem Fundament meereswissenschaftlicher Expertise gr\u00fcndeten sich dann 1937\ndas Institut f\u00fcr Meereskunde und 1987 das Forschungszentrum f\u00fcr marine\nGeowissenschaften GEOMAR, die 2004 zum IfM-GEOMAR verschmolzen, das 2012\nwiederum zu dem GEOMAR wurden, wie wir es heute kennen.<\/p>\n\n\n\n<figure class=\"wp-block-image\"><img loading=\"lazy\" decoding=\"async\" width=\"900\" height=\"520\" src=\"https:\/\/www.oceanblogs.org\/oceannavigator\/wp-content\/uploads\/sites\/2\/2019\/06\/1889-National_03_b28557837a.jpg\" alt=\" Im Juli 1889 startete die \u201ePlankton Expedition\u201c mit dem gecharterten Dampfer \u201eNational\u201c unter der Leitung von Victor Hensen in Kie. Abb: Archiv GEOMAR\" class=\"wp-image-4207\" srcset=\"https:\/\/www.oceanblogs.org\/oceannavigator\/wp-content\/uploads\/sites\/2\/2019\/06\/1889-National_03_b28557837a.jpg 900w, https:\/\/www.oceanblogs.org\/oceannavigator\/wp-content\/uploads\/sites\/2\/2019\/06\/1889-National_03_b28557837a-484x280.jpg 484w, https:\/\/www.oceanblogs.org\/oceannavigator\/wp-content\/uploads\/sites\/2\/2019\/06\/1889-National_03_b28557837a-768x444.jpg 768w\" sizes=\"auto, (max-width: 900px) 100vw, 900px\" \/><figcaption> Im Juli 1889 startete die \u201ePlankton Expedition\u201c mit dem gecharterten  Dampfer \u201eNational\u201c unter der Leitung von Victor Hensen in Kie. Abb:  Archiv GEOMAR<\/figcaption><\/figure>\n\n\n\n<figure class=\"wp-block-image\"><img loading=\"lazy\" decoding=\"async\" width=\"1024\" height=\"680\" src=\"https:\/\/www.oceanblogs.org\/oceannavigator\/wp-content\/uploads\/sites\/2\/2019\/06\/1.-Gedenktafel-IFM-Kitzeberg_Some-1024x680.jpg\" alt=\"1. Gedenktafel zur Gr\u00fcndung des Institut f\u00fcr Meereskunde 1937. Aufgestellt am 10. August 1998 am F\u00f6rdewanderweg. Photo: GEOMAR\" class=\"wp-image-4205\" srcset=\"https:\/\/www.oceanblogs.org\/oceannavigator\/wp-content\/uploads\/sites\/2\/2019\/06\/1.-Gedenktafel-IFM-Kitzeberg_Some-1024x680.jpg 1024w, https:\/\/www.oceanblogs.org\/oceannavigator\/wp-content\/uploads\/sites\/2\/2019\/06\/1.-Gedenktafel-IFM-Kitzeberg_Some-484x321.jpg 484w, https:\/\/www.oceanblogs.org\/oceannavigator\/wp-content\/uploads\/sites\/2\/2019\/06\/1.-Gedenktafel-IFM-Kitzeberg_Some-768x510.jpg 768w, https:\/\/www.oceanblogs.org\/oceannavigator\/wp-content\/uploads\/sites\/2\/2019\/06\/1.-Gedenktafel-IFM-Kitzeberg_Some.jpg 1200w\" sizes=\"auto, (max-width: 1024px) 100vw, 1024px\" \/><figcaption>1. Gedenktafel zur Gr\u00fcndung des Institut f\u00fcr Meereskunde 1937. Aufgestellt am 10. August 1998 am F\u00f6rdewanderweg. Photo: GEOMAR<\/figcaption><\/figure>\n\n\n\n<p>Okay, genug Geschichte f\u00fcr heute. Hier noch ein paar aktuelle Hinweise: Zum Thema Tiefseeforschung (das Telegraphenkabel zwischen Europa und Amerika war nat\u00fcrlich ein Tiefseekabel) haben wir in unserem GEOMAR-Zelt eine ganze Menge Ausstellungsst\u00fccke, manche davon zum Gruseln, manche sogar zum Anfassen. Vorbeikommen lohnt sich also.<\/p>\n\n\n\n<figure class=\"wp-block-image\"><img loading=\"lazy\" decoding=\"async\" width=\"1024\" height=\"577\" src=\"https:\/\/www.oceanblogs.org\/oceannavigator\/wp-content\/uploads\/sites\/2\/2019\/06\/2019-06-28_KiWo19_JillKoenig_33_Some-1024x577.jpg\" alt=\"\" class=\"wp-image-4202\" srcset=\"https:\/\/www.oceanblogs.org\/oceannavigator\/wp-content\/uploads\/sites\/2\/2019\/06\/2019-06-28_KiWo19_JillKoenig_33_Some-1024x577.jpg 1024w, https:\/\/www.oceanblogs.org\/oceannavigator\/wp-content\/uploads\/sites\/2\/2019\/06\/2019-06-28_KiWo19_JillKoenig_33_Some-484x273.jpg 484w, https:\/\/www.oceanblogs.org\/oceannavigator\/wp-content\/uploads\/sites\/2\/2019\/06\/2019-06-28_KiWo19_JillKoenig_33_Some-768x433.jpg 768w, https:\/\/www.oceanblogs.org\/oceannavigator\/wp-content\/uploads\/sites\/2\/2019\/06\/2019-06-28_KiWo19_JillKoenig_33_Some.jpg 1200w\" sizes=\"auto, (max-width: 1024px) 100vw, 1024px\" \/><figcaption>Der Meeresboden zum Anfassen in der Tiefsee-Ausstellung im GEOMAR-Zelt. Photo: Jill Alina Koenig<\/figcaption><\/figure>\n\n\n\n<figure class=\"wp-block-image\"><img loading=\"lazy\" decoding=\"async\" width=\"1024\" height=\"577\" src=\"https:\/\/www.oceanblogs.org\/oceannavigator\/wp-content\/uploads\/sites\/2\/2019\/06\/2019-06-28_KiWo19_JillKoenig_31_Some-1024x577.jpg\" alt=\"Daraus besteht der Boden der Ozeane: Basalt. Einige Kanten sind so scharf, dass sich der pr\u00e4sentierende Wissenschaftler daran geschnitten hat. Photo: Jill Alina Koenig\" class=\"wp-image-4203\" srcset=\"https:\/\/www.oceanblogs.org\/oceannavigator\/wp-content\/uploads\/sites\/2\/2019\/06\/2019-06-28_KiWo19_JillKoenig_31_Some-1024x577.jpg 1024w, https:\/\/www.oceanblogs.org\/oceannavigator\/wp-content\/uploads\/sites\/2\/2019\/06\/2019-06-28_KiWo19_JillKoenig_31_Some-484x273.jpg 484w, https:\/\/www.oceanblogs.org\/oceannavigator\/wp-content\/uploads\/sites\/2\/2019\/06\/2019-06-28_KiWo19_JillKoenig_31_Some-768x433.jpg 768w, https:\/\/www.oceanblogs.org\/oceannavigator\/wp-content\/uploads\/sites\/2\/2019\/06\/2019-06-28_KiWo19_JillKoenig_31_Some.jpg 1200w\" sizes=\"auto, (max-width: 1024px) 100vw, 1024px\" \/><figcaption>Daraus besteht der Boden der Ozeane: Basalt. Einige Kanten sind so scharf, dass sich der pr\u00e4sentierende Wissenschaftler daran geschnitten hat. Photo: Jill Alina Koenig<\/figcaption><\/figure>\n\n\n\n<p>Und: Am heute findet die Windjammerparade der KiWo statt mit den ganzen schicken Traditionsseglern, von denen es dank erlassener Hafen-, Schiffsliege- und Kaigeldern in diesem Jahr wieder besonders viele gibt. Tr\u00e4umt euch also gern zur\u00fcck in\u2019s 19. Jahrhundert.<\/p>\n\n\n\n<p>Wie immer viel\nSpa\u00df, Neugier und immer eine Handbreit Wasser unterm Kiel!<\/p>\n\n\n\n<p>Eure Jill<\/p>\n","protected":false},"excerpt":{"rendered":"<p>Wer es noch nicht mitbekommen hat (obwohl es schon ziemlich schwierig gewesen w\u00e4re, es nicht mitzubekommen): In diesem Jahr findet die Kieler Woche zum 125. Mal statt. Die erste Regatta, aus der sich wenig sp\u00e4ter die Kieler Woche entwickeln sollte, fand 1882 statt. Nicht nur die Mathe-Genies unter euch werden merken, dass da mehr als [&hellip;]<\/p>\n","protected":false},"author":200,"featured_media":4209,"comment_status":"open","ping_status":"open","sticky":false,"template":"","format":"standard","meta":{"footnotes":""},"categories":[32],"tags":[],"class_list":["post-4200","post","type-post","status-publish","format-standard","has-post-thumbnail","hentry","category-kommunikation"],"_links":{"self":[{"href":"https:\/\/www.oceanblogs.org\/oceannavigator\/wp-json\/wp\/v2\/posts\/4200","targetHints":{"allow":["GET"]}}],"collection":[{"href":"https:\/\/www.oceanblogs.org\/oceannavigator\/wp-json\/wp\/v2\/posts"}],"about":[{"href":"https:\/\/www.oceanblogs.org\/oceannavigator\/wp-json\/wp\/v2\/types\/post"}],"author":[{"embeddable":true,"href":"https:\/\/www.oceanblogs.org\/oceannavigator\/wp-json\/wp\/v2\/users\/200"}],"replies":[{"embeddable":true,"href":"https:\/\/www.oceanblogs.org\/oceannavigator\/wp-json\/wp\/v2\/comments?post=4200"}],"version-history":[{"count":5,"href":"https:\/\/www.oceanblogs.org\/oceannavigator\/wp-json\/wp\/v2\/posts\/4200\/revisions"}],"predecessor-version":[{"id":4211,"href":"https:\/\/www.oceanblogs.org\/oceannavigator\/wp-json\/wp\/v2\/posts\/4200\/revisions\/4211"}],"wp:featuredmedia":[{"embeddable":true,"href":"https:\/\/www.oceanblogs.org\/oceannavigator\/wp-json\/wp\/v2\/media\/4209"}],"wp:attachment":[{"href":"https:\/\/www.oceanblogs.org\/oceannavigator\/wp-json\/wp\/v2\/media?parent=4200"}],"wp:term":[{"taxonomy":"category","embeddable":true,"href":"https:\/\/www.oceanblogs.org\/oceannavigator\/wp-json\/wp\/v2\/categories?post=4200"},{"taxonomy":"post_tag","embeddable":true,"href":"https:\/\/www.oceanblogs.org\/oceannavigator\/wp-json\/wp\/v2\/tags?post=4200"}],"curies":[{"name":"wp","href":"https:\/\/api.w.org\/{rel}","templated":true}]}}