{"id":4157,"date":"2019-06-24T17:33:12","date_gmt":"2019-06-24T15:33:12","guid":{"rendered":"http:\/\/www.oceanblogs.org\/oceannavigator\/?p=4157"},"modified":"2019-06-24T17:33:14","modified_gmt":"2019-06-24T15:33:14","slug":"schall-und-sand","status":"publish","type":"post","link":"https:\/\/www.oceanblogs.org\/oceannavigator\/2019\/06\/24\/schall-und-sand\/","title":{"rendered":"Schall und Sand"},"content":{"rendered":"\n<p>Die wellenf\u00f6rmige\nDeformation innerhalb eines Gases, Festk\u00f6rpers oder einer Fl\u00fcssigkeit nennt die\nPhysik \u201eSchall\u201c. Die Geschwindigkeit von Schall ist abh\u00e4ngig von Dichte und\nTemperatur des Mediums, durch das er geht. Der Mensch unterscheidet zwischen\nNutz- und St\u00f6rschall. N\u00fctzlicher Schall ist zum Beispiel der, der beim Sprechen\nerzeugt wird, sodass wir uns gegenseitig h\u00f6ren k\u00f6nnen. St\u00f6rend dagegen, wenn\nauch nicht zu vermeiden, ist der Schall, den ein Presslufthammer in Aktion\nerzeugt.<\/p>\n\n\n\n<p>Akustisch wird\ndie Kieler Woche f\u00fcr mich vor allem von zwei Dingen gepr\u00e4gt: dem vielf\u00e4ltigen\nMusikprogramm und den Schiffsh\u00f6rner. Beides begleitet mich nicht nur als\nBesucherin der Kieler Woche, sondern auch als Bewohnerin der Stadt Kiel. Denn\nDank der fabelhaften Eigenschaften des Schalls h\u00f6re ich Musik und H\u00f6rner auch\ndann noch, wenn ich mich zuhause befinde. Die Distanz von der H\u00f6rn bis zum\nS\u00fcdfriedhof \u00fcberwindet er ohne Probleme. Ob Nutz- oder St\u00f6rschall h\u00e4ngt nun\nallein von der Perspektive ab \u2013 und der Uhrzeit.<\/p>\n\n\n\n<figure class=\"wp-block-image\"><img loading=\"lazy\" decoding=\"async\" width=\"1024\" height=\"683\" src=\"https:\/\/www.oceanblogs.org\/oceannavigator\/wp-content\/uploads\/sites\/2\/2019\/06\/2019-06-06-1427_Exponate_JillAlinaKoenig-GEOMAR_1200px-1024x683.jpg\" alt=\"Die FK LITTORINA auf der Kieler F\u00f6rde, ausgestattet mit einem Echolot. Photo: Jill Alina Koenig\" class=\"wp-image-4162\" srcset=\"https:\/\/www.oceanblogs.org\/oceannavigator\/wp-content\/uploads\/sites\/2\/2019\/06\/2019-06-06-1427_Exponate_JillAlinaKoenig-GEOMAR_1200px-1024x683.jpg 1024w, https:\/\/www.oceanblogs.org\/oceannavigator\/wp-content\/uploads\/sites\/2\/2019\/06\/2019-06-06-1427_Exponate_JillAlinaKoenig-GEOMAR_1200px-484x323.jpg 484w, https:\/\/www.oceanblogs.org\/oceannavigator\/wp-content\/uploads\/sites\/2\/2019\/06\/2019-06-06-1427_Exponate_JillAlinaKoenig-GEOMAR_1200px-768x512.jpg 768w, https:\/\/www.oceanblogs.org\/oceannavigator\/wp-content\/uploads\/sites\/2\/2019\/06\/2019-06-06-1427_Exponate_JillAlinaKoenig-GEOMAR_1200px.jpg 1200w\" sizes=\"auto, (max-width: 1024px) 100vw, 1024px\" \/><figcaption>Das Modell mit der FK LITTORINA auf der Kieler F\u00f6rde informiert \u00fcber die Tiefenbestimmung mit dem Echolot. Ihr findet es direkt am Eingang zu unserem KiWo-Zelt. Photo: Jill Alina Koenig<\/figcaption><\/figure>\n\n\n\n<p>Vor etwa 100 Jahren gab es jemanden, f\u00fcr den Schall sich als ein \u00e4u\u00dferst n\u00fctzliches Ph\u00e4nomen erweisen sollte: Dr. Alexander Behm. Nach dem Ungl\u00fcck der RMS Titanic in der Nacht vom 14. auf den 15. April 1912 wurde nach einer Methode gesucht, Eisberge pr\u00e4zise zu orten. Der norddeutsche Physiker und Erfinder Behm hoffte, dies mittels reflektiertem Schall, also Echo, tun zu k\u00f6nnen. Bei Eisbergen klappte das aufgrund ihrer Oberfl\u00e4chenstruktur leider nicht, bei der Bestimmung der Tiefe des Meeresbodens schon. So entstand das \u201eBehm-Echolot\u201c. In unserem GEOMAR-Zelt neben dem Aquarium erfahrt ihr anhand unseres Modells (direkt am Eingang), wie genau das Ausloten der Tiefe funktioniert und was man sonst noch alles mithilfe des Echolot-Prinzips herausfinden kann. Wir freuen uns auf eure Fragen!<\/p>\n\n\n\n<figure class=\"wp-block-image\"><img loading=\"lazy\" decoding=\"async\" width=\"1024\" height=\"683\" src=\"https:\/\/www.oceanblogs.org\/oceannavigator\/wp-content\/uploads\/sites\/2\/2019\/06\/2019-06-22_16-03-20_KiWo19_JanSteffen-GEOMAR_1200px-1024x683.jpg\" alt=\"Ein Multibeam-Echolot ist Teil unserer Ausstellung auf der Kieler Woche 2019. Photo: Jan Steffen \/ GEOMAR\" class=\"wp-image-4159\" srcset=\"https:\/\/www.oceanblogs.org\/oceannavigator\/wp-content\/uploads\/sites\/2\/2019\/06\/2019-06-22_16-03-20_KiWo19_JanSteffen-GEOMAR_1200px-1024x683.jpg 1024w, https:\/\/www.oceanblogs.org\/oceannavigator\/wp-content\/uploads\/sites\/2\/2019\/06\/2019-06-22_16-03-20_KiWo19_JanSteffen-GEOMAR_1200px-484x323.jpg 484w, https:\/\/www.oceanblogs.org\/oceannavigator\/wp-content\/uploads\/sites\/2\/2019\/06\/2019-06-22_16-03-20_KiWo19_JanSteffen-GEOMAR_1200px-768x512.jpg 768w, https:\/\/www.oceanblogs.org\/oceannavigator\/wp-content\/uploads\/sites\/2\/2019\/06\/2019-06-22_16-03-20_KiWo19_JanSteffen-GEOMAR_1200px.jpg 1199w\" sizes=\"auto, (max-width: 1024px) 100vw, 1024px\" \/><figcaption>Ein Multibeam-Echolot ist Teil unserer Ausstellung auf der Kieler Woche 2019. Photo: Jan Steffen \/ GEOMAR<\/figcaption><\/figure>\n\n\n\n<p>Auch unser erster\nKieler-Woche-Vortrag stellt etwas ganz Allt\u00e4gliches in den Vordergrund: Sand.\nNoch immer werden aus ihm die leckersten Kuchen gebacken und die h\u00f6chsten\nBurgen gebaut. Doch auch f\u00fcr Erwachsene ist Sand ein wichtiger Rohstoff. Er\nhilft zum Beispiel bei der Glasproduktion und bei dem Schutz unserer K\u00fcsten.\nIhr seid herzlich eingeladen, noch viel mehr dar\u00fcber zu erfahren. Heute Abend,\n18 Uhr, D\u00fcsternbrooker Weg 20, H\u00f6rsaal B54.<\/p>\n\n\n\n<figure class=\"wp-block-image\"><img loading=\"lazy\" decoding=\"async\" width=\"800\" height=\"514\" src=\"https:\/\/www.oceanblogs.org\/oceannavigator\/wp-content\/uploads\/sites\/2\/2019\/06\/kwv19_24.jpg\" alt=\"Ein Sp\u00fclbagger vor Hongkong. Photo: Klaus Schwarzer \/ CAU\" class=\"wp-image-4160\" srcset=\"https:\/\/www.oceanblogs.org\/oceannavigator\/wp-content\/uploads\/sites\/2\/2019\/06\/kwv19_24.jpg 800w, https:\/\/www.oceanblogs.org\/oceannavigator\/wp-content\/uploads\/sites\/2\/2019\/06\/kwv19_24-484x311.jpg 484w, https:\/\/www.oceanblogs.org\/oceannavigator\/wp-content\/uploads\/sites\/2\/2019\/06\/kwv19_24-768x493.jpg 768w\" sizes=\"auto, (max-width: 800px) 100vw, 800px\" \/><figcaption>Ein Sp\u00fclbagger vor Hongkong. Photo: Klaus Schwarzer \/ CAU<\/figcaption><\/figure>\n\n\n\n<p>Weiterhin viel\nSpa\u00df, Neugier und immer eine Handbreit Wasser unterm Kiel!<\/p>\n\n\n\n<p>Eure Jill<\/p>\n\n\n<p><br \/><br \/><\/p>","protected":false},"excerpt":{"rendered":"<p>Die wellenf\u00f6rmige Deformation innerhalb eines Gases, Festk\u00f6rpers oder einer Fl\u00fcssigkeit nennt die Physik \u201eSchall\u201c. Die Geschwindigkeit von Schall ist abh\u00e4ngig von Dichte und Temperatur des Mediums, durch das er geht. Der Mensch unterscheidet zwischen Nutz- und St\u00f6rschall. N\u00fctzlicher Schall ist zum Beispiel der, der beim Sprechen erzeugt wird, sodass wir uns gegenseitig h\u00f6ren k\u00f6nnen. St\u00f6rend [&hellip;]<\/p>\n","protected":false},"author":200,"featured_media":4163,"comment_status":"open","ping_status":"open","sticky":false,"template":"","format":"standard","meta":{"footnotes":""},"categories":[32],"tags":[],"class_list":["post-4157","post","type-post","status-publish","format-standard","has-post-thumbnail","hentry","category-kommunikation"],"_links":{"self":[{"href":"https:\/\/www.oceanblogs.org\/oceannavigator\/wp-json\/wp\/v2\/posts\/4157","targetHints":{"allow":["GET"]}}],"collection":[{"href":"https:\/\/www.oceanblogs.org\/oceannavigator\/wp-json\/wp\/v2\/posts"}],"about":[{"href":"https:\/\/www.oceanblogs.org\/oceannavigator\/wp-json\/wp\/v2\/types\/post"}],"author":[{"embeddable":true,"href":"https:\/\/www.oceanblogs.org\/oceannavigator\/wp-json\/wp\/v2\/users\/200"}],"replies":[{"embeddable":true,"href":"https:\/\/www.oceanblogs.org\/oceannavigator\/wp-json\/wp\/v2\/comments?post=4157"}],"version-history":[{"count":4,"href":"https:\/\/www.oceanblogs.org\/oceannavigator\/wp-json\/wp\/v2\/posts\/4157\/revisions"}],"predecessor-version":[{"id":4165,"href":"https:\/\/www.oceanblogs.org\/oceannavigator\/wp-json\/wp\/v2\/posts\/4157\/revisions\/4165"}],"wp:featuredmedia":[{"embeddable":true,"href":"https:\/\/www.oceanblogs.org\/oceannavigator\/wp-json\/wp\/v2\/media\/4163"}],"wp:attachment":[{"href":"https:\/\/www.oceanblogs.org\/oceannavigator\/wp-json\/wp\/v2\/media?parent=4157"}],"wp:term":[{"taxonomy":"category","embeddable":true,"href":"https:\/\/www.oceanblogs.org\/oceannavigator\/wp-json\/wp\/v2\/categories?post=4157"},{"taxonomy":"post_tag","embeddable":true,"href":"https:\/\/www.oceanblogs.org\/oceannavigator\/wp-json\/wp\/v2\/tags?post=4157"}],"curies":[{"name":"wp","href":"https:\/\/api.w.org\/{rel}","templated":true}]}}