{"id":307,"date":"2017-09-11T15:33:53","date_gmt":"2017-09-11T13:33:53","guid":{"rendered":"http:\/\/www.oceanblogs.org\/mehrmeer2017\/?p=307"},"modified":"2017-09-19T16:37:36","modified_gmt":"2017-09-19T14:37:36","slug":"start-zur-zweiten-woche-in-der-helgolaender-anstalt","status":"publish","type":"post","link":"https:\/\/www.oceanblogs.org\/mehrmeer2017\/2017\/09\/11\/start-zur-zweiten-woche-in-der-helgolaender-anstalt\/","title":{"rendered":"Start zur zweiten Woche in der Helgol\u00e4nder &#8220;Anstalt&#8221;"},"content":{"rendered":"<h6>(Beitrag von Jakob und Clara, Sch\u00fcler aus Kiel und Braunschweig)<\/h6>\n<p>&nbsp;<\/p>\n<h3><strong>Montag, 11.09.2017<\/strong><\/h3>\n<p>Montag an der Biologischen Anstalt Helgoland: unser erster Tag in den neuen Arbeitsgruppen \u201cFelswatt\u201d, \u201cMakroalgen\u201d, &#8220;Plastik&#8221; (die \u201cM\u00fcllgruppe\u201d) und &#8220;Phytoplankton&#8221; (die sich auch selbst als die \u201cFlei\u00dfigen Laborm\u00e4use\u201d bezeichneten).<\/p>\n<div id=\"attachment_313\" style=\"width: 490px\" class=\"wp-caption aligncenter\"><img loading=\"lazy\" decoding=\"async\" aria-describedby=\"caption-attachment-313\" class=\"size-medium wp-image-313\" src=\"http:\/\/www.oceanblogs.org\/mehrmeer2017\/wp-content\/uploads\/sites\/53\/2017\/09\/Felswatt-480x320.jpg\" alt=\"\" width=\"480\" height=\"320\" \/><p id=\"caption-attachment-313\" class=\"wp-caption-text\">Algensuchen im Felswatt<\/p><\/div>\n<p>F\u00fcr \u201cFelswatt und \u201cMakroalgen\u201d begann der Tag, wie der Name der einen Gruppe schon sagt, mit einem Ausflug ins Felswatt. Nachdem am Helgol\u00e4nder Kringel eine Mauer \u00fcberwunden und \u00fcber Tetrapoden geklettert wurde, begann die fr\u00f6hliche Suche nach Algen, bei der Gummistiefel und Regenhose von gro\u00dfem Vorteil waren. W\u00e4hrend Sallys Makroalgen-Gruppe ganz bestimmte Algen vor Augen hatten, nahm die Felswatt-Gruppe von allem Proben, was ihr unter die Augen kam. Um auch alle ben\u00f6tigten Arten zu finden, wurde die Suche schlie\u00dflich auch auf das Felswatt vor Haus A erweitert.<\/p>\n<div id=\"attachment_318\" style=\"width: 293px\" class=\"wp-caption alignright\"><img loading=\"lazy\" decoding=\"async\" aria-describedby=\"caption-attachment-318\" class=\"size-full wp-image-318\" src=\"http:\/\/www.oceanblogs.org\/mehrmeer2017\/wp-content\/uploads\/sites\/53\/2017\/09\/Herbarbla\u0308tter_kl.jpg\" alt=\"\" width=\"283\" height=\"425\" \/><p id=\"caption-attachment-318\" class=\"wp-caption-text\">Vorbereitung der Herbarbl\u00e4tter<\/p><\/div>\n<p>Gl\u00fccklich, nass und beladen mit Pflanzen ging es dann zur\u00fcck zu Haus C, wo das Gefundene bestimmt werden musste. Damit man auch sp\u00e4ter noch was davon hat, herbarisierte die Felswatt-Gruppe eine Auswahl ihrer Algen (d.h., die Algen wurden auf mit Wasser vollgesogenem Papier drapiert und zwischen Flie\u00dfpapier getrocknet).<\/p>\n<p>Auf der anderen Seite der Insel arbeitete die M\u00fcll-Gruppe unterdessen auch an ihrer Probenahme, doch auf eine etwas andere Art. Wie wir alle mittlerweile wissen, l\u00e4sst sich nicht s\u00e4mtliche Plastik-Substanz mit dem blo\u00dfen Auge erkennen. Um also auch das getarnte Mikroplastik sp\u00e4ter zu filtern und zu analysieren, wurden an drei verschiedenen Spots am Strand Sedimentproben sorgsam mit dem L\u00f6ffel eingesammelt. Mit den insgesamt bestimmt ca. 40 Kilo schweren Eimern ging es dann nahezu unbeschwert wieder ins Oberland.<\/p>\n<div id=\"attachment_320\" style=\"width: 490px\" class=\"wp-caption aligncenter\"><img loading=\"lazy\" decoding=\"async\" aria-describedby=\"caption-attachment-320\" class=\"size-medium wp-image-320\" src=\"http:\/\/www.oceanblogs.org\/mehrmeer2017\/wp-content\/uploads\/sites\/53\/2017\/09\/Sandbebrobung-480x320.jpg\" alt=\"\" width=\"480\" height=\"320\" \/><p id=\"caption-attachment-320\" class=\"wp-caption-text\">Probennahme am Nordstrand<\/p><\/div>\n<p>Am Nachmittag erwartete uns der Vortrag von Gunnar Gerdts \u00fcber Mikroplastik in der Umwelt. Infos \u00fcber den Beginn des relativ jungen und heute sehr popul\u00e4ren Forschungsgebietes, den Eintrag des k\u00fcnstlichen Materials in die Natur, die experimentelle Analyse und Erforschung von Mikroplastik, sowie die Auseinandersetzung mit den in den Medien oft genannten Gefahren um das Thema und Neuigkeiten in der Forschung rundeten unser Grundwissen in dieser Materie umfangreich ab.<\/p>\n<p>Kurz vor dem Abendessen wurden von der M\u00fcllgruppe dann noch genau 100 Meter Strandabschnitt &#8220;beschlagnahmt&#8221; und unter jedem Stock und Stein auf Abfall aller Art untersucht. Diese fast umweltaktivistische Untersuchung, genannt M\u00fcll-Monitoring, erhielt gro\u00dfen Zuspruch von den Einheimischen und Touristen.<\/p>\n<div id=\"attachment_321\" style=\"width: 490px\" class=\"wp-caption aligncenter\"><img loading=\"lazy\" decoding=\"async\" aria-describedby=\"caption-attachment-321\" class=\"size-medium wp-image-321\" src=\"http:\/\/www.oceanblogs.org\/mehrmeer2017\/wp-content\/uploads\/sites\/53\/2017\/09\/Mu\u0308llmonitoring-480x290.jpg\" alt=\"\" width=\"480\" height=\"290\" \/><p id=\"caption-attachment-321\" class=\"wp-caption-text\">M\u00fcll-Monitoring<\/p><\/div>\n<p>Der Abend hielt noch einen weiteren Programmpunkt f\u00fcr uns bereit. Wir bekamen im Labor eine Pr\u00e4sentation von zwei technischen Vertretern eines deutschen Stromversorgers f\u00fcr erneuerbare Energien, der vor Helgoland einen Windpark betreibt. Diese haben uns \u00fcber viele logistische und ingenieurs-technische Aspekte der Windkraftanlagen in der Nordsee und \u00fcber ihrer Arbeitsweise aufgekl\u00e4rt. Uns junge Wissenschaftler regte der Vortrag nat\u00fcrlich dazu an, auch viele biologische und nachhaltigkeitsbezogene Fragen vorzubringen, z.B. welchen Effekt die Bauarbeiten der Windr\u00e4der auf das \u00d6kosystem im Meer haben, und wie der von den Beh\u00f6rden geforderte R\u00fcckbau der Anlagen am Ende ihrer Laufzeit umgesetzt w\u00fcrde. Leider hatte die biologische Sprecherin der Firma aber nicht mitkommen k\u00f6nnen, so dass einige Fragen offen blieben. Auf jeden Fall verdeutlichte der Abend aber, wie wichtig es ist, neben den technischen auch die \u00f6kologischen Aspekte kritisch zu hinterfragen.<\/p>\n","protected":false},"excerpt":{"rendered":"<p>(Beitrag von Jakob und Clara, Sch\u00fcler aus Kiel und Braunschweig) &nbsp; Montag, 11.09.2017 Montag an der Biologischen Anstalt Helgoland: unser erster Tag in den neuen Arbeitsgruppen \u201cFelswatt\u201d, \u201cMakroalgen\u201d, &#8220;Plastik&#8221; (die \u201cM\u00fcllgruppe\u201d) und &#8220;Phytoplankton&#8221; (die sich auch selbst als die \u201cFlei\u00dfigen Laborm\u00e4use\u201d bezeichneten). F\u00fcr \u201cFelswatt und \u201cMakroalgen\u201d begann der Tag, wie der Name der einen Gruppe [&hellip;]<\/p>\n","protected":false},"author":185,"featured_media":312,"comment_status":"open","ping_status":"open","sticky":false,"template":"","format":"standard","meta":{"footnotes":""},"categories":[4],"tags":[],"class_list":["post-307","post","type-post","status-publish","format-standard","has-post-thumbnail","hentry","category-meeresforschung-fuer-schulen"],"_links":{"self":[{"href":"https:\/\/www.oceanblogs.org\/mehrmeer2017\/wp-json\/wp\/v2\/posts\/307","targetHints":{"allow":["GET"]}}],"collection":[{"href":"https:\/\/www.oceanblogs.org\/mehrmeer2017\/wp-json\/wp\/v2\/posts"}],"about":[{"href":"https:\/\/www.oceanblogs.org\/mehrmeer2017\/wp-json\/wp\/v2\/types\/post"}],"author":[{"embeddable":true,"href":"https:\/\/www.oceanblogs.org\/mehrmeer2017\/wp-json\/wp\/v2\/users\/185"}],"replies":[{"embeddable":true,"href":"https:\/\/www.oceanblogs.org\/mehrmeer2017\/wp-json\/wp\/v2\/comments?post=307"}],"version-history":[{"count":9,"href":"https:\/\/www.oceanblogs.org\/mehrmeer2017\/wp-json\/wp\/v2\/posts\/307\/revisions"}],"predecessor-version":[{"id":324,"href":"https:\/\/www.oceanblogs.org\/mehrmeer2017\/wp-json\/wp\/v2\/posts\/307\/revisions\/324"}],"wp:featuredmedia":[{"embeddable":true,"href":"https:\/\/www.oceanblogs.org\/mehrmeer2017\/wp-json\/wp\/v2\/media\/312"}],"wp:attachment":[{"href":"https:\/\/www.oceanblogs.org\/mehrmeer2017\/wp-json\/wp\/v2\/media?parent=307"}],"wp:term":[{"taxonomy":"category","embeddable":true,"href":"https:\/\/www.oceanblogs.org\/mehrmeer2017\/wp-json\/wp\/v2\/categories?post=307"},{"taxonomy":"post_tag","embeddable":true,"href":"https:\/\/www.oceanblogs.org\/mehrmeer2017\/wp-json\/wp\/v2\/tags?post=307"}],"curies":[{"name":"wp","href":"https:\/\/api.w.org\/{rel}","templated":true}]}}