{"id":288,"date":"2017-09-15T17:18:13","date_gmt":"2017-09-15T15:18:13","guid":{"rendered":"http:\/\/www.oceanblogs.org\/mehrmeer2017\/?p=288"},"modified":"2017-09-20T19:15:11","modified_gmt":"2017-09-20T17:15:11","slug":"praesentationen-und-abreise-von-helgoland","status":"publish","type":"post","link":"https:\/\/www.oceanblogs.org\/mehrmeer2017\/2017\/09\/15\/praesentationen-und-abreise-von-helgoland\/","title":{"rendered":"Pr\u00e4sentationen und Abreise von Helgoland"},"content":{"rendered":"<h6>(Beitrag von Max, Sch\u00fcler aus Bergisch Gladbach)<\/h6>\n<p>&nbsp;<\/p>\n<h3><strong>Freitag, 15.09.2017<\/strong><\/h3>\n<p>Der letzte Tag auf Helgoland begann relativ fr\u00fch. Bereits um 8:15 mussten wir gefr\u00fchst\u00fcckt haben, und die Koffer sowie die Zimmer sollten fertig sein.<\/p>\n<div id=\"attachment_294\" style=\"width: 490px\" class=\"wp-caption aligncenter\"><img loading=\"lazy\" decoding=\"async\" aria-describedby=\"caption-attachment-294\" class=\"size-medium wp-image-294\" src=\"http:\/\/www.oceanblogs.org\/mehrmeer2017\/wp-content\/uploads\/sites\/53\/2017\/09\/Vortrag2_kl-480x267.jpg\" alt=\"\" width=\"480\" height=\"267\" \/><p id=\"caption-attachment-294\" class=\"wp-caption-text\">Die Vortr\u00e4ge sollten nur ca. 20 Minuten dauern&#8230;<\/p><\/div>\n<p>F\u00fcr 11 Uhr waren die Pr\u00e4sentationen von den Ergebnissen der letzten Woche geplant. Eingeladen waren alle AWI-Forscher, was den Nervosit\u00e4tsfaktor mit Sicherheit bei uns allen erh\u00f6hte. Auch deshalb herrschte kurz vor der Pr\u00e4sentation eine hektische Stimmung, wo noch die letzten Feinschliffe an den Pr\u00e4sentationen und die letzten Absprachen getroffen wurden. Aber das Ergebniss konnte sich bei allen Gruppen sehen lassen.<\/p>\n<div id=\"attachment_295\" style=\"width: 490px\" class=\"wp-caption aligncenter\"><img loading=\"lazy\" decoding=\"async\" aria-describedby=\"caption-attachment-295\" class=\"size-medium wp-image-295\" src=\"http:\/\/www.oceanblogs.org\/mehrmeer2017\/wp-content\/uploads\/sites\/53\/2017\/09\/Vortrag3_kl-480x320.jpg\" alt=\"\" width=\"480\" height=\"320\" \/><p id=\"caption-attachment-295\" class=\"wp-caption-text\">&#8230; was bei manchen Themen aber eine echte Herausforderung war.<\/p><\/div>\n<p>Kaum waren die Pr\u00e4sentationen geschafft, widmeten wir uns dem B\u00fcffet, welches extra f\u00fcr diesen Anlass in das Mielckhaus geliefert wurde. Danach machten die meisten einen letzten kurzen Spaziergang \u00fcber Helgoland, bis wir schlie\u00dflich in str\u00f6mendem Regen zur F\u00e4hre mussten. Am Hafen hie\u00df es dann erstmal Abschied nehmen von unseren zahlreichen Betreuern und rauf auf die F\u00e4hre. Der Seegang war erstaunlich stark, aber nach der Heincke-Fahrt waren wir alle abgeh\u00e4rtet, und so ein bisschen Wellengang konnte uns nicht mehr schocken.<\/p>\n<div id=\"attachment_297\" style=\"width: 490px\" class=\"wp-caption alignright\"><img loading=\"lazy\" decoding=\"async\" aria-describedby=\"caption-attachment-297\" class=\"size-medium wp-image-297\" src=\"http:\/\/www.oceanblogs.org\/mehrmeer2017\/wp-content\/uploads\/sites\/53\/2017\/09\/Schiff-480x174.jpg\" alt=\"\" width=\"480\" height=\"174\" \/><p id=\"caption-attachment-297\" class=\"wp-caption-text\">Fake-News: dieses Bild ist vom Ankunftstag&#8230;\u00a0 \ud83d\ude42\u00a0 Bei der Abreise goss es so heftig, dass an Fotografieren nicht zu denken war.<\/p><\/div>\n<p>In B\u00fcsum angekommen ging es dann, wieder in str\u00f6mendem Regen, in die Jugenherberge, wo das Abendessen auf uns wartete. Den restlichen Abend verbrachten wir damit, unsere Bewerbungsvideos anzuschauen, Tischtennis zu spielen und Fernsehen zu gucken. Wie in den letzten zwei Wochen ging auch dieser Tag enorm schnell um. Und den Blick auf das Meer nach dem Aufwachen werde ich ganz bestimmt vermissen.<\/p>\n","protected":false},"excerpt":{"rendered":"<p>(Beitrag von Max, Sch\u00fcler aus Bergisch Gladbach) &nbsp; Freitag, 15.09.2017 Der letzte Tag auf Helgoland begann relativ fr\u00fch. Bereits um 8:15 mussten wir gefr\u00fchst\u00fcckt haben, und die Koffer sowie die Zimmer sollten fertig sein. F\u00fcr 11 Uhr waren die Pr\u00e4sentationen von den Ergebnissen der letzten Woche geplant. Eingeladen waren alle AWI-Forscher, was den Nervosit\u00e4tsfaktor mit [&hellip;]<\/p>\n","protected":false},"author":185,"featured_media":293,"comment_status":"open","ping_status":"open","sticky":false,"template":"","format":"standard","meta":{"footnotes":""},"categories":[4],"tags":[],"class_list":["post-288","post","type-post","status-publish","format-standard","has-post-thumbnail","hentry","category-meeresforschung-fuer-schulen"],"_links":{"self":[{"href":"https:\/\/www.oceanblogs.org\/mehrmeer2017\/wp-json\/wp\/v2\/posts\/288","targetHints":{"allow":["GET"]}}],"collection":[{"href":"https:\/\/www.oceanblogs.org\/mehrmeer2017\/wp-json\/wp\/v2\/posts"}],"about":[{"href":"https:\/\/www.oceanblogs.org\/mehrmeer2017\/wp-json\/wp\/v2\/types\/post"}],"author":[{"embeddable":true,"href":"https:\/\/www.oceanblogs.org\/mehrmeer2017\/wp-json\/wp\/v2\/users\/185"}],"replies":[{"embeddable":true,"href":"https:\/\/www.oceanblogs.org\/mehrmeer2017\/wp-json\/wp\/v2\/comments?post=288"}],"version-history":[{"count":6,"href":"https:\/\/www.oceanblogs.org\/mehrmeer2017\/wp-json\/wp\/v2\/posts\/288\/revisions"}],"predecessor-version":[{"id":298,"href":"https:\/\/www.oceanblogs.org\/mehrmeer2017\/wp-json\/wp\/v2\/posts\/288\/revisions\/298"}],"wp:featuredmedia":[{"embeddable":true,"href":"https:\/\/www.oceanblogs.org\/mehrmeer2017\/wp-json\/wp\/v2\/media\/293"}],"wp:attachment":[{"href":"https:\/\/www.oceanblogs.org\/mehrmeer2017\/wp-json\/wp\/v2\/media?parent=288"}],"wp:term":[{"taxonomy":"category","embeddable":true,"href":"https:\/\/www.oceanblogs.org\/mehrmeer2017\/wp-json\/wp\/v2\/categories?post=288"},{"taxonomy":"post_tag","embeddable":true,"href":"https:\/\/www.oceanblogs.org\/mehrmeer2017\/wp-json\/wp\/v2\/tags?post=288"}],"curies":[{"name":"wp","href":"https:\/\/api.w.org\/{rel}","templated":true}]}}