{"id":55,"date":"2014-03-23T20:20:15","date_gmt":"2014-03-23T20:20:15","guid":{"rendered":"http:\/\/www.oceanblogs.org\/m105\/?p=55"},"modified":"2014-05-07T12:34:29","modified_gmt":"2014-05-07T12:34:29","slug":"treffen-der-deutschen-forschungsschiffe-polarstern-und-meteor-im-tropischen-atlantik","status":"publish","type":"post","link":"https:\/\/www.oceanblogs.org\/m105\/2014\/03\/23\/treffen-der-deutschen-forschungsschiffe-polarstern-und-meteor-im-tropischen-atlantik\/","title":{"rendered":"Treffen der deutschen Forschungsschiffe POLARSTERN und METEOR im Tropischen Atlantik"},"content":{"rendered":"<p><a href=\"http:\/\/www.oceanblogs.org\/m105\/wp-content\/uploads\/sites\/16\/2014\/03\/Panorama.jpg\"><img loading=\"lazy\" decoding=\"async\" class=\"size-full wp-image-59 aligncenter\" src=\"http:\/\/www.oceanblogs.org\/m105\/wp-content\/uploads\/sites\/16\/2014\/03\/Panorama.jpg\" alt=\"Panorama\" width=\"448\" height=\"149\" srcset=\"https:\/\/www.oceanblogs.org\/m105\/wp-content\/uploads\/sites\/16\/2014\/03\/Panorama.jpg 448w, https:\/\/www.oceanblogs.org\/m105\/wp-content\/uploads\/sites\/16\/2014\/03\/Panorama-300x99.jpg 300w\" sizes=\"auto, (max-width: 448px) 100vw, 448px\" \/><\/a>Ein ganz besonderes Treffen fand Sonntags der 23. M\u00e4rz mitten im Atlantik statt. Der Forschungseisbrecher POLARSTERN und das Forschungsschiff METEOR, begegneten sich durch gl\u00fcckliche Umst\u00e4nde im tropischen Atlantik bei 10\u00b000&#8242; N 21\u00b000\u2019 W. Der erste Kontakt kam durch Wissenschaftler und Besatzung auf beiden Seiten zustande. Nachdem man dabei festgestellt hatte, dass die POLARSTERN das Forschungsgebiet der METEOR durchfahren w\u00fcrde, wurde von den beiden Fahrtleitern Prof. Dr. Martin Visbeck vom GEOMAR Helmholtz-Institut f\u00fcr Ozeanforschung Kiel und Dr. Hartwig Deneke vom Leibniz-Institut f\u00fcr Troposph\u00e4renforschung schnell ein Termin und eine Position f\u00fcr ein Treffen vereinbart.<\/p>\n<p style=\"text-align: center;\"><a href=\"http:\/\/www.oceanblogs.org\/m105\/wp-content\/uploads\/sites\/16\/2014\/03\/Welcome-Polarstern.jpg\"><img loading=\"lazy\" decoding=\"async\" class=\"alignnone size-medium wp-image-56\" src=\"http:\/\/www.oceanblogs.org\/m105\/wp-content\/uploads\/sites\/16\/2014\/03\/Welcome-Polarstern-300x224.jpg\" alt=\"Welcome Polarstern\" width=\"300\" height=\"224\" srcset=\"https:\/\/www.oceanblogs.org\/m105\/wp-content\/uploads\/sites\/16\/2014\/03\/Welcome-Polarstern-300x224.jpg 300w, https:\/\/www.oceanblogs.org\/m105\/wp-content\/uploads\/sites\/16\/2014\/03\/Welcome-Polarstern.jpg 448w\" sizes=\"auto, (max-width: 300px) 100vw, 300px\" \/><\/a><\/p>\n<p>Mittags um 12 Uhr Schiffszeit auf der METEOR und 14 Uhr auf der POLARSTERN und in Deutschland trafen die beiden Schiffe aufeinander. Mit anfangs einer ganzen Schule Pilotwale zwischen den Schiffen war es schwer sich zu entscheiden, welche Erscheinung spektakul\u00e4rer war und es wurden tausende Fotos geschossen.<\/p>\n<p style=\"text-align: center;\"><a href=\"http:\/\/www.oceanblogs.org\/m105\/wp-content\/uploads\/sites\/16\/2014\/03\/Pilotwale.jpg\"><img loading=\"lazy\" decoding=\"async\" class=\"alignnone size-full wp-image-61\" src=\"http:\/\/www.oceanblogs.org\/m105\/wp-content\/uploads\/sites\/16\/2014\/03\/Pilotwale.jpg\" alt=\"Pilotwale\" width=\"448\" height=\"336\" srcset=\"https:\/\/www.oceanblogs.org\/m105\/wp-content\/uploads\/sites\/16\/2014\/03\/Pilotwale.jpg 448w, https:\/\/www.oceanblogs.org\/m105\/wp-content\/uploads\/sites\/16\/2014\/03\/Pilotwale-300x224.jpg 300w\" sizes=\"auto, (max-width: 448px) 100vw, 448px\" \/><\/a><\/p>\n<p>Nach dem Mittagessen wurden dann aber rasch die Schlauchboote klar gemacht, und es fand ein reger Shuttle von einem Schiff zum anderen bei Temperaturen von 23\u00b0C statt. Die Besuche wurden gleich f\u00fcr einen Erfahrungsaustausch \u00fcber die Ergebnisse der beiden Forschungsfahrten genutzt. Nat\u00fcrlich bestand auch gro\u00dfes Interesse, die Forschungsarbeiten und Ger\u00e4te der Kollegen zu besichtigen. Viele kannten das jeweilige Forschungsschiff noch nicht und waren neugierig auf die Arbeiten und Forschungsm\u00f6glichkeiten an Bord. Andere hingegen freuten sich, auf das von fr\u00fcheren Fahrten bekannte Schiff zur\u00fcckzukehren oder Kollegen und Bekannte zu treffen.<\/p>\n<!-- Rendered by FancyBox WITH labels BEGIN -->\n\n\t<style type=\"text\/css\">\n\t\t\t\t\t#gallery-0 {\n\t\t\t\t\t\tmargin: auto;\n\t\t\t\t\t}\n\t\t\t\t\t#gallery-0 .gallery-item {\n\t\t\t\t\t\tfloat: left;\n\t\t\t\t\t\tmargin-top: 10px;\n\t\t\t\t\t\ttext-align: center;\n\t\t\t\t\t\twidth: 32%;\n\t\t\t\t\t}\n\t\t\t\t\t#gallery-0 img {\n\t\t\t\t\t\tborder: 2px solid #cfcfcf;\n\t\t\t\t\t}\n\t\t\t\t\t#gallery-0 .gallery-caption {\n\t\t\t\t\t\tmargin-left: 0;\n\t\t\t\t\t}\n\t<\/style>\n<script type=\"text\/javascript\">\n$(document).ready(function() {\n\t\/*\n\t *  Simple image gallery. Uses default settings\n\t *\/\n\n\t$(\".fancybox\").fancybox({\n\t\t\"transitionIn\"\t\t: \"none\",\n\t\t\"transitionOut\"\t\t: \"none\",\n\t\t\"titlePosition\" \t: \"over\"\n\t\t,\n\t\t\"titleFormat\"\t\t: function(title, currentArray, currentIndex, currentOpts) {\n\t\t\treturn \"<span id='fancybox-title-over'><span id='fancybox-title-pretext'>Image <\/span>\"+(currentIndex+1)+\" \/ \" + currentArray.length + (title.length ? \" &nbsp; \" + title : \"\") + \"<\/span>\";\n\t\t}\n\n\t});\n});\n<\/script>\n\n\t<div id=\"gallery-0\" class=\"gallery galleryid-0 gallery-size-thumbnail\" style=\"\"><dl class=\"gallery-item\"><dt class=\"gallery-icon\">\n\t\t<a class=\"fancybox\" href=\"https:\/\/www.oceanblogs.org\/m105\/wp-content\/uploads\/sites\/16\/2014\/03\/Shuttle-Boot.jpg\" title=\"Shuttle-Boot. Foto: Elisabeth E\u00dfer\" rel=\"gallery-0\"><img loading=\"lazy\" decoding=\"async\" width=\"135\" height=\"135\" class=\"attachment-thumbnail\" alt=\"Shuttle-Boot. Foto: Elisabeth E\u00dfer\" src=\"https:\/\/www.oceanblogs.org\/m105\/wp-content\/uploads\/sites\/16\/2014\/03\/Shuttle-Boot-135x135.jpg\" \/><\/a><\/dt><dd class=\"wp-caption-text gallery-caption\">Shuttle-Boot. Foto: Elisabeth E\u00dfer<\/dd><\/dl>\n\n<dl class=\"gallery-item\"><dt class=\"gallery-icon\">\n\t\t<a class=\"fancybox\" href=\"https:\/\/www.oceanblogs.org\/m105\/wp-content\/uploads\/sites\/16\/2014\/03\/Auf-zur-POLARSTERN.jpg\" title=\"Auf zur POLARSTERN. Foto: Elisabeth E\u00dfer\" rel=\"gallery-0\"><img loading=\"lazy\" decoding=\"async\" width=\"135\" height=\"135\" class=\"attachment-thumbnail\" alt=\"Auf zur POLARSTERN. Foto: Elisabeth E\u00dfer\" src=\"https:\/\/www.oceanblogs.org\/m105\/wp-content\/uploads\/sites\/16\/2014\/03\/Auf-zur-POLARSTERN-135x135.jpg\" \/><\/a><\/dt><dd class=\"wp-caption-text gallery-caption\">Auf zur POLARSTERN. Foto: Elisabeth E\u00dfer<\/dd><\/dl>\n\n<dl class=\"gallery-item\"><dt class=\"gallery-icon\">\n\t\t<a class=\"fancybox\" href=\"https:\/\/www.oceanblogs.org\/m105\/wp-content\/uploads\/sites\/16\/2014\/03\/Per-Winde-an-Deck.jpg\" title=\"Per Winde an Deck. Foto: Elisabeth E\u00dfer\" rel=\"gallery-0\"><img loading=\"lazy\" decoding=\"async\" width=\"135\" height=\"135\" class=\"attachment-thumbnail\" alt=\"Per Winde an Deck. Foto: Elisabeth E\u00dfer\" src=\"https:\/\/www.oceanblogs.org\/m105\/wp-content\/uploads\/sites\/16\/2014\/03\/Per-Winde-an-Deck-135x135.jpg\" \/><\/a><\/dt><dd class=\"wp-caption-text gallery-caption\">Per Winde an Deck. Foto: Elisabeth E\u00dfer<\/dd><\/dl>\n\n<\/div><br clear=\"all\" \/><!-- Rendered by FancyBox WITH labels END -->\n\n<p>Nach 4 Stunden waren dann die gegenseitigen Besuche beendet. Dieses Ereignis war f\u00fcr alle eine sch\u00f6ne und interessante Unterbrechung des Forschungsalltags. Die METEOR fuhr weiter nach S\u00fcden, um ihre Messkampagne fortzusetzen, w\u00e4hrend die POLARSTERN ihren Kurs fortsetzte in Richtung Norden einem Zwischenstopp in Las Palmas und der Heimat entgegen.<\/p>\n<p>Die POLARSTERN ist auf ihrem Weg von Kapstadt nach Bremerhaven, und beendet mit dieser Fahrt eine lange und erfolgreiche Saison inklusive \u00dcberwinterung in der Antarktis. W\u00e4hrend der Reise wird ein gro\u00dfes wissenschaftliches Programm absolviert, das der Erkundung der Atmosph\u00e4re und Austauschprozessen mit dem Ozean im Rahmen des OCEANET-Programms dient, und \u00fcberwiegend vom fahrenden Schiff aus durchgef\u00fchrt werden kann. Ebenso werden lebende Organismen aus der Antarktis zum Alfred-Wegener-Institut \u00fcberf\u00fchrt und V\u00f6gel und Meeress\u00e4uger entlang der Schiffsroute beobachtet.<\/p>\n<p>Die METEOR ist am Beginn einer Vermessungsreise in dem Gebiet zwischen 8\u00b0N bis 12\u00b0N und 25\u00b0W bis 19\u00b0W. Vor 18 Monaten hatten Visbeck und seine Kollegen eine chemische Markersubstanz in 350m Wassertiefe eingebracht. Deren Verbreitung wird in den kommenden drei Wochen vermessen und erlaubt R\u00fcckschl\u00fcsse \u00fcber die Str\u00f6mungen und Vermischung nahe der riesigen Sauerstoffminimumzone in dieser Region. Weiterhin werden viele unterschiedliche biologische und chemische Messungen durchgef\u00fchrt, die zum besseren Verst\u00e4ndnis des Stickstoff- und Sauerstoffkreislauf im Ozean beitragen und wie diese sich unter dem Einfluss des Klimawandels ver\u00e4ndern.<\/p>\n<p style=\"text-align: center;\"><a href=\"http:\/\/www.oceanblogs.org\/m105\/wp-content\/uploads\/sites\/16\/2014\/03\/POLARSTERN-und-METEOR.jpg\"><img loading=\"lazy\" decoding=\"async\" class=\"alignnone size-full wp-image-62\" src=\"http:\/\/www.oceanblogs.org\/m105\/wp-content\/uploads\/sites\/16\/2014\/03\/POLARSTERN-und-METEOR.jpg\" alt=\"POLARSTERN und METEOR\" width=\"448\" height=\"279\" srcset=\"https:\/\/www.oceanblogs.org\/m105\/wp-content\/uploads\/sites\/16\/2014\/03\/POLARSTERN-und-METEOR.jpg 448w, https:\/\/www.oceanblogs.org\/m105\/wp-content\/uploads\/sites\/16\/2014\/03\/POLARSTERN-und-METEOR-300x186.jpg 300w\" sizes=\"auto, (max-width: 448px) 100vw, 448px\" \/><\/a><\/p>\n<p>Text: Martin Visbeck &amp; Elisabeth E\u00dfer<\/p>\n","protected":false},"excerpt":{"rendered":"<p>Ein ganz besonderes Treffen fand Sonntags der 23. M\u00e4rz mitten im Atlantik statt. Der Forschungseisbrecher POLARSTERN und das Forschungsschiff METEOR, begegneten sich durch gl\u00fcckliche Umst\u00e4nde im tropischen Atlantik bei 10\u00b000&#8242; N 21\u00b000\u2019 W. Der erste Kontakt kam durch Wissenschaftler und Besatzung auf beiden Seiten zustande. Nachdem man dabei festgestellt hatte, dass die POLARSTERN das Forschungsgebiet [&hellip;]<\/p>\n","protected":false},"author":81,"featured_media":0,"comment_status":"open","ping_status":"open","sticky":false,"template":"","format":"standard","meta":{"footnotes":""},"categories":[1],"tags":[],"class_list":["post-55","post","type-post","status-publish","format-standard","hentry","category-uncategorized"],"_links":{"self":[{"href":"https:\/\/www.oceanblogs.org\/m105\/wp-json\/wp\/v2\/posts\/55","targetHints":{"allow":["GET"]}}],"collection":[{"href":"https:\/\/www.oceanblogs.org\/m105\/wp-json\/wp\/v2\/posts"}],"about":[{"href":"https:\/\/www.oceanblogs.org\/m105\/wp-json\/wp\/v2\/types\/post"}],"author":[{"embeddable":true,"href":"https:\/\/www.oceanblogs.org\/m105\/wp-json\/wp\/v2\/users\/81"}],"replies":[{"embeddable":true,"href":"https:\/\/www.oceanblogs.org\/m105\/wp-json\/wp\/v2\/comments?post=55"}],"version-history":[{"count":2,"href":"https:\/\/www.oceanblogs.org\/m105\/wp-json\/wp\/v2\/posts\/55\/revisions"}],"predecessor-version":[{"id":170,"href":"https:\/\/www.oceanblogs.org\/m105\/wp-json\/wp\/v2\/posts\/55\/revisions\/170"}],"wp:attachment":[{"href":"https:\/\/www.oceanblogs.org\/m105\/wp-json\/wp\/v2\/media?parent=55"}],"wp:term":[{"taxonomy":"category","embeddable":true,"href":"https:\/\/www.oceanblogs.org\/m105\/wp-json\/wp\/v2\/categories?post=55"},{"taxonomy":"post_tag","embeddable":true,"href":"https:\/\/www.oceanblogs.org\/m105\/wp-json\/wp\/v2\/tags?post=55"}],"curies":[{"name":"wp","href":"https:\/\/api.w.org\/{rel}","templated":true}]}}