{"id":412,"date":"2014-07-17T09:53:17","date_gmt":"2014-07-17T09:53:17","guid":{"rendered":"http:\/\/www.oceanblogs.org\/futureoceandialogue\/?p=412"},"modified":"2014-09-02T10:43:52","modified_gmt":"2014-09-02T10:43:52","slug":"punktlich-zum-ende-der-weltmeisterschaft-der-future-ocean-dialogue-in-rio","status":"publish","type":"post","link":"https:\/\/www.oceanblogs.org\/futureoceandialogue\/2014\/07\/17\/punktlich-zum-ende-der-weltmeisterschaft-der-future-ocean-dialogue-in-rio\/","title":{"rendered":"Just in time for the Finale of the World Cup: The &#8220;Future Ocean Dialogue&#8221; in Rio"},"content":{"rendered":"<p><em>German version: See below<\/em><\/p>\n<p>One week Rio de Janeiro! I had hoped that this week would leave me with many impressions but certainly not so many. I arrived Thursday night, happy to finally get a sniff of the South American air again with a little time the next day to acclimatize and to fully focus on football (Image 1).<\/p>\n<p>Rarely have I heard so many people of different nations celebrating peacefully together, dancing and singing at the Copacabana after Germany and Brazil had qualified for the semi-finals. One could admire samba, salsa and cumbia dancers from all over South America, coupled with the rhythmic &#8220;Schlaaaand&#8221; call of the Germans and all set against the wonderful ambience of the Atlantic. I must say I was a bit surprised at how many beautiful city beaches there are in Rio de Janeiro, a city with a profound connection to the sea, a wonderful place for the second stage of the mobile exhibition of the &#8220;Future Ocean&#8221;.<\/p>\n<p>First, before the exhibition opening on Monday, everything had to be checked again for functionality: the video presentations and the interactive monitors (Image 2). Since I hadn\u2019t yet seen the exhibition, I had to first familiarize myself with some things.<\/p>\n<p>On Monday the opening of the exhibition took place, at which Vice-Admiral Armando de Senna Bittencourt, who is also the director of the museum, Joachim Schemel, the Vice-Consul of the German Embassy in Rio de Janeiro, as well as from Christian M\u00fcller, head of the DAAD in Brazil all made some introductory remarks. In addition to the beautiful ambience of the &#8220;Naval Museum&#8221; in Rio de Janeiro, the guests were also able to enjoy the sight of marines in white uniforms at the reception (Image 3).<\/p>\n<p>At the opening, in addition to representatives of the Navy, many scientists and students were very impressed by the different themes of the exhibition (Image 4). I think that the &#8220;plastic waste in the oceans&#8221; module made a particularly lasting impression because many people are not aware of how long plastic garbage takes to decompose (up to 500 years) and how bad the plastic waste pollution problem is. (Image 5).<\/p>\n<p>On Wednesday, Prof. Dr. Leticia Cotrim da Cunha from the University of Rio de Janeiro and I each gave talks at the Navy Museum by on oxygen minimum zones in the oceans and ocean acidification. These talks were part of the lecture series &#8220;German-Brazilian Lectures on Climate Change Effects on the Oceans&#8221;. The lecture series was surprisingly well attended, in spite of the semi-final between Brazil and Germany having taken place a day before, which we all know how it turned out.<\/p>\n<p>That evening for a short time the dancing and singing stopped in the city. I had never seen Rio de Janeiro as quiet as on this evening. It was all the more beautiful was to see that the Brazilians did not take too long to return back to their natural happiness and most of their energy from then on was used in cheering for the German team.<\/p>\n<p>All in all, it was an incredible week with lots of great impressions and conversations, even if I have to say that I was finally glad to be back in Germany for the final. For can you celebrate being World Champions (!!!) as in your own country.<\/p>\n<p>Patricia Grasse<\/p>\n<!-- Rendered by FancyBox WITH labels BEGIN -->\n\n\t<style type=\"text\/css\">\n\t\t\t\t\t#gallery-0 {\n\t\t\t\t\t\tmargin: auto;\n\t\t\t\t\t}\n\t\t\t\t\t#gallery-0 .gallery-item {\n\t\t\t\t\t\tfloat: left;\n\t\t\t\t\t\tmargin-top: 10px;\n\t\t\t\t\t\ttext-align: center;\n\t\t\t\t\t\twidth: 32%;\n\t\t\t\t\t}\n\t\t\t\t\t#gallery-0 img {\n\t\t\t\t\t\tborder: 2px solid #cfcfcf;\n\t\t\t\t\t}\n\t\t\t\t\t#gallery-0 .gallery-caption {\n\t\t\t\t\t\tmargin-left: 0;\n\t\t\t\t\t}\n\t<\/style>\n<script type=\"text\/javascript\">\n$(document).ready(function() {\n\t\/*\n\t *  Simple image gallery. Uses default settings\n\t *\/\n\n\t$(\".fancybox\").fancybox({\n\t\t\"transitionIn\"\t\t: \"none\",\n\t\t\"transitionOut\"\t\t: \"none\",\n\t\t\"titlePosition\" \t: \"over\"\n\t\t,\n\t\t\"titleFormat\"\t\t: function(title, currentArray, currentIndex, currentOpts) {\n\t\t\treturn \"<span id='fancybox-title-over'><span id='fancybox-title-pretext'>Image <\/span>\"+(currentIndex+1)+\" \/ \" + currentArray.length + (title.length ? \" &nbsp; \" + title : \"\") + \"<\/span>\";\n\t\t}\n\n\t});\n});\n<\/script>\n\n\t<div id=\"gallery-0\" class=\"gallery galleryid-0 gallery-size-thumbnail\" style=\"\"><dl class=\"gallery-item\"><dt class=\"gallery-icon\">\n\t\t<a class=\"fancybox\" href=\"https:\/\/www.oceanblogs.org\/futureoceandialogue\/wp-content\/uploads\/sites\/18\/2014\/07\/17072014_Rio_Patricia.jpg\" title=\"Photo: Patricia Grasse\" rel=\"gallery-0\"><img loading=\"lazy\" decoding=\"async\" width=\"135\" height=\"135\" class=\"attachment-thumbnail\" alt=\"Photo: Patricia Grasse\" src=\"https:\/\/www.oceanblogs.org\/futureoceandialogue\/wp-content\/uploads\/sites\/18\/2014\/07\/17072014_Rio_Patricia-135x135.jpg\" \/><\/a><\/dt><dd class=\"wp-caption-text gallery-caption\">Photo: Patricia Grasse<\/dd><\/dl>\n\n<dl class=\"gallery-item\"><dt class=\"gallery-icon\">\n\t\t<a class=\"fancybox\" href=\"https:\/\/www.oceanblogs.org\/futureoceandialogue\/wp-content\/uploads\/sites\/18\/2014\/07\/17072014_Rio_Ausstellung-1024x682.jpg\" title=\"Photo: Christian de Lamboy\" rel=\"gallery-0\"><img loading=\"lazy\" decoding=\"async\" width=\"135\" height=\"135\" class=\"attachment-thumbnail\" alt=\"Photo: Christian de Lamboy\" src=\"https:\/\/www.oceanblogs.org\/futureoceandialogue\/wp-content\/uploads\/sites\/18\/2014\/07\/17072014_Rio_Ausstellung-135x135.jpg\" \/><\/a><\/dt><dd class=\"wp-caption-text gallery-caption\">Photo: Christian de Lamboy<\/dd><\/dl>\n\n<dl class=\"gallery-item\"><dt class=\"gallery-icon\">\n\t\t<a class=\"fancybox\" href=\"https:\/\/www.oceanblogs.org\/futureoceandialogue\/wp-content\/uploads\/sites\/18\/2014\/07\/17072014_Rio_Marine-705x1024.jpg\" title=\"Photo: Christian de Lamboy\" rel=\"gallery-0\"><img loading=\"lazy\" decoding=\"async\" width=\"135\" height=\"135\" class=\"attachment-thumbnail\" alt=\"Photo: Christian de Lamboy\" src=\"https:\/\/www.oceanblogs.org\/futureoceandialogue\/wp-content\/uploads\/sites\/18\/2014\/07\/17072014_Rio_Marine-135x135.jpg\" \/><\/a><\/dt><dd class=\"wp-caption-text gallery-caption\">Photo: Christian de Lamboy<\/dd><\/dl>\n\n<dl class=\"gallery-item\"><dt class=\"gallery-icon\">\n\t\t<a class=\"fancybox\" href=\"https:\/\/www.oceanblogs.org\/futureoceandialogue\/wp-content\/uploads\/sites\/18\/2014\/07\/17072014_Rio_Publikum-1024x682.jpg\" title=\"Photo: Christian de Lamboy\" rel=\"gallery-0\"><img loading=\"lazy\" decoding=\"async\" width=\"135\" height=\"135\" class=\"attachment-thumbnail\" alt=\"Photo: Christian de Lamboy\" src=\"https:\/\/www.oceanblogs.org\/futureoceandialogue\/wp-content\/uploads\/sites\/18\/2014\/07\/17072014_Rio_Publikum-135x135.jpg\" \/><\/a><\/dt><dd class=\"wp-caption-text gallery-caption\">Photo: Christian de Lamboy<\/dd><\/dl>\n\n<dl class=\"gallery-item\"><dt class=\"gallery-icon\">\n\t\t<a class=\"fancybox\" href=\"https:\/\/www.oceanblogs.org\/futureoceandialogue\/wp-content\/uploads\/sites\/18\/2014\/07\/17072014_Rio_Muellmodul-1024x682.jpg\" title=\"Photo: Christian de Lamboy\" rel=\"gallery-0\"><img loading=\"lazy\" decoding=\"async\" width=\"135\" height=\"135\" class=\"attachment-thumbnail\" alt=\"Photo: Christian de Lamboy\" src=\"https:\/\/www.oceanblogs.org\/futureoceandialogue\/wp-content\/uploads\/sites\/18\/2014\/07\/17072014_Rio_Muellmodul-135x135.jpg\" \/><\/a><\/dt><dd class=\"wp-caption-text gallery-caption\">Photo: Christian de Lamboy<\/dd><\/dl>\n\n<\/div><br clear=\"all\" \/><!-- Rendered by FancyBox WITH labels END -->\n\n<p>&#8212;<\/p>\n<p>1 Woche Rio de Janeiro! Ich hatte schon erhofft, dass mich in dieser Woche viele Eindr\u00fccke erwarten, aber sicherlich nicht so viele. Nachdem ich Donnerstag in der Nacht angekommen war, gl\u00fccklich endlich mal wieder s\u00fcdamerikanische Luft zu schnuppern, hatte ich den n\u00e4chsten Tag noch etwas Zeit, mich zu akklimatisieren und den Tag vollends dem Fu\u00dfball zu widmen!<\/p>\n<p>Selten habe ich so viele Menschen unterschiedlicher Nationen so friedlich zusammen feiern, tanzen und singen h\u00f6ren wie an der Copacabana nachdem Deutschland und Brasilien sich f\u00fcr das Halbfinale qualifiziert hatten. Man konnte Samba, Salsa und Cumbia T\u00e4nzer aus ganz S\u00fcdamerika bewundern, gepaart mit rhythmischen \u201eSchlaaaand\u201c-Rufen der Deutschen und all das vor dem wunderbaren Ambiente des Atlantik. Ich muss sagen, ich war etwas \u00fcberrascht, wie viele sch\u00f6ne Stadtstr\u00e4nde es in Rio de Janeiro gibt. Eine Gro\u00dfstadt mit einer tiefen Bindung zum Meer, ein wundervoller Ort f\u00fcr die zweite Etappe der mobilen Ausstellung des \u201eFuture Ocean\u201c.<\/p>\n<p>Zun\u00e4chst musste vor der Ausstellunger\u00f6ffnung am Montag noch einmal \u00fcberpr\u00fcft werden, ob auch alles voll funktionsf\u00e4hig ist, die Videopr\u00e4sentationen laufen und auch die interaktiven Monitore funktionieren. Da ich selber die Ausstellung auch noch nicht gesehen hatte, musste auch ich mich erstmals mit einigen Dingen vertraut machen.<\/p>\n<p>Am Montag fand dann die Er\u00f6ffnung der Ausstellung statt, bei der auch einleitende Worte vom Vize-Admiral Armando de Senna Bittencourt, der gleichzeitig der Direktor vom Museum ist, von Joachim Schemel, dem Vize-Konsul der deutschen Botschaft in Rio de Janeiro, sowie Christian M\u00fcller, dem Leiter des DAAD in Brasilien, gesprochen wurden. Neben dem wundersch\u00f6nen Ambiente des \u201cMuseu Naval\u201d in Rio de Janeiro, kamen die G\u00e4ste auch in den Genuss, von Marinesoldaten in wei\u00dfen Uniformen in Empfang genommen zu werden.<\/p>\n<p>Bei der Er\u00f6ffnung waren neben Repr\u00e4sentanten der Marine auch viele Wissenschaftler und Studenten, die alle \u00e4u\u00dfert begeistert waren von den unterschiedlichen Themen der Ausstellung. Ich denke besonders nachhaltigen Eindruck hat die Themenbox \u201ePlastikm\u00fcll in den Weltmeeren\u201c gemacht, da vielen Menschen doch nicht bewusst ist, wie lange Plastikm\u00fcll braucht, um sich zu zersetzen (bis zu 500 Jahren) und wie gro\u00df die Verschmutzung mit Plastikm\u00fcll ist.<\/p>\n<p>Am Mittwoch wurden dann noch im Marine Museum zwei Vortr\u00e4ge von mir und Prof. Dr. Leticia Cotrim da Cunha von der Universit\u00e4t in Rio de Janeiro gehalten \u00fcber Sauerstoffminimum Zonen in den Weltmeeren und Ozeanversauerung. Den Rahmen bildete die Veranstaltung \u201e German-Brazilian Lectures on Climate Change Effects on the Oceans\u201c. Die Vortragsreihe war erstaunlich gut besucht, daf\u00fcr, dass ein Tag zuvor das Halbfinale Deutschland gegen Brasilen stattfand, von dem wir ja alle wissen, wie es ausgegangen ist. An diesem Abend h\u00f6rte die Stadt auch f\u00fcr kurze Zeit auf zu tanzen und zu singen. Ich hatte Rio de Janeiro noch nie so ruhig gesehen wie an diesem Abend. Umso sch\u00f6ner war es zu sehen, dass die Brasilianer nicht allzu lange brauchten, um zu ihrer eigentlichen Fr\u00f6hlichkeit zur\u00fcck zu kehren und die meisten ihre Energien von da an nutzten, das deutsche Team anzufeuern.<\/p>\n<p>Alles in allem, war es eine unglaubliche Woche mit vielen tollen Eindr\u00fccken und Gespr\u00e4chen, auch wenn ich sagen muss, dass ich letztendlich froh war, zum Finale wieder in Deutschland zu sein. Denn wo kann man sch\u00f6ner feiern Weltmeister (!!!) zu sein, als im eigenen Land.<\/p>\n<p>Patricia Grasse<\/p>\n","protected":false},"excerpt":{"rendered":"<p>German version: See below One week Rio de Janeiro! I had hoped that this week would leave me with many impressions but certainly not so many. I arrived Thursday night, happy to finally get a sniff of the South American air again with a little time the next day to acclimatize and to fully focus [&hellip;]<\/p>\n","protected":false},"author":92,"featured_media":413,"comment_status":"open","ping_status":"open","sticky":false,"template":"","format":"standard","meta":{"footnotes":""},"categories":[1],"tags":[],"class_list":["post-412","post","type-post","status-publish","format-standard","has-post-thumbnail","hentry","category-uncategorized"],"_links":{"self":[{"href":"https:\/\/www.oceanblogs.org\/futureoceandialogue\/wp-json\/wp\/v2\/posts\/412","targetHints":{"allow":["GET"]}}],"collection":[{"href":"https:\/\/www.oceanblogs.org\/futureoceandialogue\/wp-json\/wp\/v2\/posts"}],"about":[{"href":"https:\/\/www.oceanblogs.org\/futureoceandialogue\/wp-json\/wp\/v2\/types\/post"}],"author":[{"embeddable":true,"href":"https:\/\/www.oceanblogs.org\/futureoceandialogue\/wp-json\/wp\/v2\/users\/92"}],"replies":[{"embeddable":true,"href":"https:\/\/www.oceanblogs.org\/futureoceandialogue\/wp-json\/wp\/v2\/comments?post=412"}],"version-history":[{"count":6,"href":"https:\/\/www.oceanblogs.org\/futureoceandialogue\/wp-json\/wp\/v2\/posts\/412\/revisions"}],"predecessor-version":[{"id":431,"href":"https:\/\/www.oceanblogs.org\/futureoceandialogue\/wp-json\/wp\/v2\/posts\/412\/revisions\/431"}],"wp:featuredmedia":[{"embeddable":true,"href":"https:\/\/www.oceanblogs.org\/futureoceandialogue\/wp-json\/wp\/v2\/media\/413"}],"wp:attachment":[{"href":"https:\/\/www.oceanblogs.org\/futureoceandialogue\/wp-json\/wp\/v2\/media?parent=412"}],"wp:term":[{"taxonomy":"category","embeddable":true,"href":"https:\/\/www.oceanblogs.org\/futureoceandialogue\/wp-json\/wp\/v2\/categories?post=412"},{"taxonomy":"post_tag","embeddable":true,"href":"https:\/\/www.oceanblogs.org\/futureoceandialogue\/wp-json\/wp\/v2\/tags?post=412"}],"curies":[{"name":"wp","href":"https:\/\/api.w.org\/{rel}","templated":true}]}}