{"id":98,"date":"2014-09-24T15:57:36","date_gmt":"2014-09-24T15:57:36","guid":{"rendered":"http:\/\/www.oceanblogs.org\/auv-team-tomkyle\/?p=98"},"modified":"2014-09-25T14:11:46","modified_gmt":"2014-09-25T14:11:46","slug":"erster-qualifikationstag","status":"publish","type":"post","link":"https:\/\/www.oceanblogs.org\/auv-team-tomkyle\/2014\/09\/24\/erster-qualifikationstag\/","title":{"rendered":"Erster Qualifikationstag"},"content":{"rendered":"<p>Es geht mit gro\u00dfen Schritten voran. Noch vor dem Mittagessen k\u00f6nnen wir die erste autonome Fahrt im Mittelmeer angehen. Der Ansatz ist zun\u00e4chst, von der Oberfl\u00e4che aus und rein mit Hilfe der Koppelnavigation bestimmte Wegpunkte im Becken anzusteuern und so das Gate mittig zu \u00fcberfahren. Wir schaffen die \u00dcberfahrt in drei von f\u00fcnf F\u00e4llen und sind h\u00f6chst zufrieden. Mit den gewonnenen Daten kann der Gatedetektor trainiert werden.<\/p>\n<p>Heute ist der erste von zwei Qualifikationstagen, an denen wir die Chance haben, uns durch die Passage des Gates f\u00fcr die Teilnahme an weiteren Aufgaben zu berechtigen. Am Nachmittag ist unsere gro\u00dfe Stunde. Leider haben wir etwas Pech und schaffen es nicht ganz: Im ersten Versuch haben wir nicht aufgepasst und der Tiefenregler war deaktiviert. So gelang uns eine sehr sch\u00f6ne \u00dcberfahrt, aber keine Durchfahrt, im zweiten Anlauf setzt das DVL aus und wir verlieren die Orientierung. \u00c4rgerlich, aber kein Weltuntergang. Wir sind optimistisch, dass es morgen gelingen wird. Am Abend wollen wir noch die Gate-Detektion in die Mission implementieren, was die Route etwas weniger zur Gl\u00fcckssache macht.<\/p>\n<p>Ersten Teams gelang die Qualifikation bereits. Herzlichen Gl\u00fcckwunsch!<\/p>\n<!-- Rendered by FancyBox without labels BEGIN -->\n\n\t<style type=\"text\/css\">\n\t\t\t\t\t#gallery-0 {\n\t\t\t\t\t\tmargin: auto;\n\t\t\t\t\t}\n\t\t\t\t\t#gallery-0 .gallery-item {\n\t\t\t\t\t\tfloat: left;\n\t\t\t\t\t\tmargin-top: 10px;\n\t\t\t\t\t\ttext-align: center;\n\t\t\t\t\t\twidth: 32%;\n\t\t\t\t\t}\n\t\t\t\t\t#gallery-0 img {\n\t\t\t\t\t\tborder: 2px solid #cfcfcf;\n\t\t\t\t\t}\n\t\t\t\t\t#gallery-0 .gallery-caption {\n\t\t\t\t\t\tmargin-left: 0;\n\t\t\t\t\t}\n\t<\/style>\n<script type=\"text\/javascript\">\n$(document).ready(function() {\n\t\/*\n\t *  Simple image gallery. Uses default settings\n\t *\/\n\n\t$(\".fancybox\").fancybox({\n\t\t\"transitionIn\"\t\t: \"none\",\n\t\t\"transitionOut\"\t\t: \"none\",\n\t\t\"titlePosition\" \t: \"over\"\n\n\t});\n});\n<\/script>\n\n\t<div id=\"gallery-0\" class=\"gallery galleryid-0 gallery-size-thumbnail\" style=\"\"><dl class=\"gallery-item\"><dt class=\"gallery-icon\">\n\t\t<a class=\"fancybox\" href=\"https:\/\/www.oceanblogs.org\/auv-team-tomkyle\/wp-content\/uploads\/sites\/29\/2014\/09\/DSC_0237-2-685x1024.jpg\" rel=\"gallery-0\"><img loading=\"lazy\" decoding=\"async\" width=\"135\" height=\"135\" class=\"attachment-thumbnail\" alt=\"Bob, der Baumeister\" src=\"https:\/\/www.oceanblogs.org\/auv-team-tomkyle\/wp-content\/uploads\/sites\/29\/2014\/09\/DSC_0237-2-135x135.jpg\" \/><\/a><\/dt><\/dl>\n\n<dl class=\"gallery-item\"><dt class=\"gallery-icon\">\n\t\t<a class=\"fancybox\" href=\"https:\/\/www.oceanblogs.org\/auv-team-tomkyle\/wp-content\/uploads\/sites\/29\/2014\/09\/DSC_0242-Bearbeitet-3-1024x685.jpg\" rel=\"gallery-0\"><img loading=\"lazy\" decoding=\"async\" width=\"135\" height=\"135\" class=\"attachment-thumbnail\" alt=\"Ausblick aus dem Hafen\" src=\"https:\/\/www.oceanblogs.org\/auv-team-tomkyle\/wp-content\/uploads\/sites\/29\/2014\/09\/DSC_0242-Bearbeitet-3-135x135.jpg\" \/><\/a><\/dt><\/dl>\n\n<dl class=\"gallery-item\"><dt class=\"gallery-icon\">\n\t\t<a class=\"fancybox\" href=\"https:\/\/www.oceanblogs.org\/auv-team-tomkyle\/wp-content\/uploads\/sites\/29\/2014\/09\/DSC_0243-4-1024x685.jpg\" rel=\"gallery-0\"><img loading=\"lazy\" decoding=\"async\" width=\"135\" height=\"135\" class=\"attachment-thumbnail\" alt=\"\" src=\"https:\/\/www.oceanblogs.org\/auv-team-tomkyle\/wp-content\/uploads\/sites\/29\/2014\/09\/DSC_0243-4-135x135.jpg\" \/><\/a><\/dt><\/dl>\n\n<dl class=\"gallery-item\"><dt class=\"gallery-icon\">\n\t\t<a class=\"fancybox\" href=\"https:\/\/www.oceanblogs.org\/auv-team-tomkyle\/wp-content\/uploads\/sites\/29\/2014\/09\/DSC_0245-5-1024x685.jpg\" rel=\"gallery-0\"><img loading=\"lazy\" decoding=\"async\" width=\"135\" height=\"135\" class=\"attachment-thumbnail\" alt=\"Erste autonome Fahrt\" src=\"https:\/\/www.oceanblogs.org\/auv-team-tomkyle\/wp-content\/uploads\/sites\/29\/2014\/09\/DSC_0245-5-135x135.jpg\" \/><\/a><\/dt><\/dl>\n\n<dl class=\"gallery-item\"><dt class=\"gallery-icon\">\n\t\t<a class=\"fancybox\" href=\"https:\/\/www.oceanblogs.org\/auv-team-tomkyle\/wp-content\/uploads\/sites\/29\/2014\/09\/DSC_0250-6-1024x685.jpg\" rel=\"gallery-0\"><img loading=\"lazy\" decoding=\"async\" width=\"135\" height=\"135\" class=\"attachment-thumbnail\" alt=\"\" src=\"https:\/\/www.oceanblogs.org\/auv-team-tomkyle\/wp-content\/uploads\/sites\/29\/2014\/09\/DSC_0250-6-135x135.jpg\" \/><\/a><\/dt><\/dl>\n\n<dl class=\"gallery-item\"><dt class=\"gallery-icon\">\n\t\t<a class=\"fancybox\" href=\"https:\/\/www.oceanblogs.org\/auv-team-tomkyle\/wp-content\/uploads\/sites\/29\/2014\/09\/DSC_0256-7-1024x685.jpg\" rel=\"gallery-0\"><img loading=\"lazy\" decoding=\"async\" width=\"135\" height=\"135\" class=\"attachment-thumbnail\" alt=\"\" src=\"https:\/\/www.oceanblogs.org\/auv-team-tomkyle\/wp-content\/uploads\/sites\/29\/2014\/09\/DSC_0256-7-135x135.jpg\" \/><\/a><\/dt><\/dl>\n\n<dl class=\"gallery-item\"><dt class=\"gallery-icon\">\n\t\t<a class=\"fancybox\" href=\"https:\/\/www.oceanblogs.org\/auv-team-tomkyle\/wp-content\/uploads\/sites\/29\/2014\/09\/DSC_0257-8-1024x685.jpg\" rel=\"gallery-0\"><img loading=\"lazy\" decoding=\"async\" width=\"135\" height=\"135\" class=\"attachment-thumbnail\" alt=\"\" src=\"https:\/\/www.oceanblogs.org\/auv-team-tomkyle\/wp-content\/uploads\/sites\/29\/2014\/09\/DSC_0257-8-135x135.jpg\" \/><\/a><\/dt><\/dl>\n\n<dl class=\"gallery-item\"><dt class=\"gallery-icon\">\n\t\t<a class=\"fancybox\" href=\"https:\/\/www.oceanblogs.org\/auv-team-tomkyle\/wp-content\/uploads\/sites\/29\/2014\/09\/DSC_0260-9-1024x685.jpg\" rel=\"gallery-0\"><img loading=\"lazy\" decoding=\"async\" width=\"135\" height=\"135\" class=\"attachment-thumbnail\" alt=\"\" src=\"https:\/\/www.oceanblogs.org\/auv-team-tomkyle\/wp-content\/uploads\/sites\/29\/2014\/09\/DSC_0260-9-135x135.jpg\" \/><\/a><\/dt><\/dl>\n\n<dl class=\"gallery-item\"><dt class=\"gallery-icon\">\n\t\t<a class=\"fancybox\" href=\"https:\/\/www.oceanblogs.org\/auv-team-tomkyle\/wp-content\/uploads\/sites\/29\/2014\/09\/19_3_colormap-1024x511.png\" rel=\"gallery-0\"><img loading=\"lazy\" decoding=\"async\" width=\"135\" height=\"135\" class=\"attachment-thumbnail\" alt=\"Sonar-Aufahme des Gates\" src=\"https:\/\/www.oceanblogs.org\/auv-team-tomkyle\/wp-content\/uploads\/sites\/29\/2014\/09\/19_3_colormap-135x135.png\" \/><\/a><\/dt><\/dl>\n\n<\/div><br clear=\"all\" \/><!-- Rendered by FancyBox without labels END -->\n\n<p>&nbsp;<\/p>\n","protected":false},"excerpt":{"rendered":"<p>Es geht mit gro\u00dfen Schritten voran. Noch vor dem Mittagessen k\u00f6nnen wir die erste autonome Fahrt im Mittelmeer angehen. Der Ansatz ist zun\u00e4chst, von der Oberfl\u00e4che aus und rein mit Hilfe der Koppelnavigation bestimmte Wegpunkte im Becken anzusteuern und so das Gate mittig zu \u00fcberfahren. Wir schaffen die \u00dcberfahrt in drei von f\u00fcnf F\u00e4llen und [&hellip;]<\/p>\n","protected":false},"author":104,"featured_media":111,"comment_status":"open","ping_status":"open","sticky":false,"template":"","format":"standard","meta":{"footnotes":""},"categories":[1],"tags":[],"class_list":["post-98","post","type-post","status-publish","format-standard","has-post-thumbnail","hentry","category-uncategorized"],"_links":{"self":[{"href":"https:\/\/www.oceanblogs.org\/auv-team-tomkyle\/wp-json\/wp\/v2\/posts\/98","targetHints":{"allow":["GET"]}}],"collection":[{"href":"https:\/\/www.oceanblogs.org\/auv-team-tomkyle\/wp-json\/wp\/v2\/posts"}],"about":[{"href":"https:\/\/www.oceanblogs.org\/auv-team-tomkyle\/wp-json\/wp\/v2\/types\/post"}],"author":[{"embeddable":true,"href":"https:\/\/www.oceanblogs.org\/auv-team-tomkyle\/wp-json\/wp\/v2\/users\/104"}],"replies":[{"embeddable":true,"href":"https:\/\/www.oceanblogs.org\/auv-team-tomkyle\/wp-json\/wp\/v2\/comments?post=98"}],"version-history":[{"count":2,"href":"https:\/\/www.oceanblogs.org\/auv-team-tomkyle\/wp-json\/wp\/v2\/posts\/98\/revisions"}],"predecessor-version":[{"id":121,"href":"https:\/\/www.oceanblogs.org\/auv-team-tomkyle\/wp-json\/wp\/v2\/posts\/98\/revisions\/121"}],"wp:featuredmedia":[{"embeddable":true,"href":"https:\/\/www.oceanblogs.org\/auv-team-tomkyle\/wp-json\/wp\/v2\/media\/111"}],"wp:attachment":[{"href":"https:\/\/www.oceanblogs.org\/auv-team-tomkyle\/wp-json\/wp\/v2\/media?parent=98"}],"wp:term":[{"taxonomy":"category","embeddable":true,"href":"https:\/\/www.oceanblogs.org\/auv-team-tomkyle\/wp-json\/wp\/v2\/categories?post=98"},{"taxonomy":"post_tag","embeddable":true,"href":"https:\/\/www.oceanblogs.org\/auv-team-tomkyle\/wp-json\/wp\/v2\/tags?post=98"}],"curies":[{"name":"wp","href":"https:\/\/api.w.org\/{rel}","templated":true}]}}